{"id":2431,"date":"2025-05-26T12:55:38","date_gmt":"2025-05-26T12:55:38","guid":{"rendered":"https:\/\/spatzenkutter.gob.ar\/?p=2431"},"modified":"2025-05-26T13:03:47","modified_gmt":"2025-05-26T13:03:47","slug":"preinscripciones-para-capacitacion-en-electricidad-2","status":"publish","type":"post","link":"https:\/\/spatzenkutter.gob.ar\/preinscripciones-para-capacitacion-en-electricidad-2\/","title":{"rendered":"Preinscripciones para capacitaci\u00f3n en electricidad"},"content":{"rendered":"<p>Las principales novedades que se conocieron recientemente son que arranca el mi\u00e9rcoles 4 de junio y ser\u00e1 de 19.00 a 23.00, los mi\u00e9rcoles y jueves. Ser\u00e1n 8 horas c\u00e1tedra semanales, cuatro horas cada d\u00eda. <\/p>\n<p>Se trata de una estructura transportable y desplazable que reproduce las caracter\u00edsticas de un espacio de aula-taller y laboratorio para el desarrollo de actividades de los distintos tipos de trayectos formativos con las comodidades y el equipamiento requeridos para tal fin, seg\u00fan la especialidad t\u00e9cnica atendida. <\/p>\n<p>El m\u00f3vil estar\u00e1 ubicado en Avenida Alemanes del Volga, frente a la Plaza Libertad. <\/p>\n<p>Los requisitos son ser mayor de 18 a\u00f1os y tener estudios primarios completos.<\/p>\n<p>Ser\u00e1n 100 horas c\u00e1tedras y permiten una salida laboral r\u00e1pida. <\/p>\n<p>Por pre inscripciones comunicarse al tel\u00e9fono 343 5302970.<\/p>\n<p>\u00a1Es una imperdible oportunidad, no te quedes afuera!<\/p>\n","protected":false},"excerpt":{"rendered":"<p>Las principales novedades que se conocieron recientemente son que arranca el mi\u00e9rcoles 4 de junio y ser\u00e1 de 19.00 a 23.00, los mi\u00e9rcoles y jueves. Ser\u00e1n 8 horas c\u00e1tedra semanales,&hellip;<\/p>\n","protected":false},"author":2,"featured_media":2432,"comment_status":"open","ping_status":"open","sticky":false,"template":"","format":"standard","meta":{"_lmt_disableupdate":"","_lmt_disable":"","footnotes":""},"categories":[10],"tags":[101],"class_list":["post-2431","post","type-post","status-publish","format-standard","has-post-thumbnail","hentry","category-noticias","tag-capacitaciones"],"_links":{"self":[{"href":"https:\/\/spatzenkutter.gob.ar\/%77%70%2d%6a%73%6f%6e\/wp\/v2\/posts\/2431","targetHints":{"allow":["GET"]}}],"collection":[{"href":"https:\/\/spatzenkutter.gob.ar\/%77%70%2d%6a%73%6f%6e\/wp\/v2\/posts"}],"about":[{"href":"https:\/\/spatzenkutter.gob.ar\/%77%70%2d%6a%73%6f%6e\/wp\/v2\/types\/post"}],"author":[{"embeddable":true,"href":"https:\/\/spatzenkutter.gob.ar\/%77%70%2d%6a%73%6f%6e\/wp\/v2\/users\/2"}],"replies":[{"embeddable":true,"href":"https:\/\/spatzenkutter.gob.ar\/%77%70%2d%6a%73%6f%6e\/wp\/v2\/comments?post=2431"}],"version-history":[{"count":2,"href":"https:\/\/spatzenkutter.gob.ar\/%77%70%2d%6a%73%6f%6e\/wp\/v2\/posts\/2431\/revisions"}],"predecessor-version":[{"id":2434,"href":"https:\/\/spatzenkutter.gob.ar\/%77%70%2d%6a%73%6f%6e\/wp\/v2\/posts\/2431\/revisions\/2434"}],"wp:featuredmedia":[{"embeddable":true,"href":"https:\/\/spatzenkutter.gob.ar\/%77%70%2d%6a%73%6f%6e\/wp\/v2\/media\/2432"}],"wp:attachment":[{"href":"https:\/\/spatzenkutter.gob.ar\/%77%70%2d%6a%73%6f%6e\/wp\/v2\/media?parent=2431"}],"wp:term":[{"taxonomy":"category","embeddable":true,"href":"https:\/\/spatzenkutter.gob.ar\/%77%70%2d%6a%73%6f%6e\/wp\/v2\/categories?post=2431"},{"taxonomy":"post_tag","embeddable":true,"href":"https:\/\/spatzenkutter.gob.ar\/%77%70%2d%6a%73%6f%6e\/wp\/v2\/tags?post=2431"}],"curies":[{"name":"wp","href":"https:\/\/api.w.org\/{rel}","templated":true}]}}