{"id":2435,"date":"2025-05-26T20:47:36","date_gmt":"2025-05-26T20:47:36","guid":{"rendered":"https:\/\/spatzenkutter.gob.ar\/?p=2435"},"modified":"2025-05-26T20:47:36","modified_gmt":"2025-05-26T20:47:36","slug":"se-viene-el-duatlon-rural-a-spatzenkutter","status":"publish","type":"post","link":"https:\/\/spatzenkutter.gob.ar\/se-viene-el-duatlon-rural-a-spatzenkutter\/","title":{"rendered":"Se viene el Duatl\u00f3n Rural a Spatzenkutter"},"content":{"rendered":"<p>Comenzar\u00e1 todo con la largada a las 14.00, siendo las modalidades 5km de pedestrismo, 30km de ciclismo y 5 km m\u00e1s de pedestrismo, en modalidades individual y postas, con suma de puntos y poni\u00e9ndose en juego la nueva copa \u2018Equipos y ciudades\u2019. <\/p>\n<p>Por otro lado, estar\u00e1 la categor\u00eda S\u00faper Sprint, menores de 11 a 13 a\u00f1os, con 2,5 km de pedestrismo, 10 km de ciclismo y 2,5 km m\u00e1s de pedestrismo.<\/p>\n<p>Interesados en inscribirse pueden hacerlo a trav\u00e9s de www. Encarrera.com.ar\/duaspat<\/p>\n","protected":false},"excerpt":{"rendered":"<p>Comenzar\u00e1 todo con la largada a las 14.00, siendo las modalidades 5km de pedestrismo, 30km de ciclismo y 5 km m\u00e1s de pedestrismo, en modalidades individual y postas, con suma&hellip;<\/p>\n","protected":false},"author":2,"featured_media":2436,"comment_status":"open","ping_status":"open","sticky":false,"template":"","format":"standard","meta":{"_lmt_disableupdate":"","_lmt_disable":"","footnotes":""},"categories":[10],"tags":[102,40],"class_list":["post-2435","post","type-post","status-publish","format-standard","has-post-thumbnail","hentry","category-noticias","tag-duatlon","tag-spatzenkutter"],"_links":{"self":[{"href":"https:\/\/spatzenkutter.gob.ar\/%77%70%2d%6a%73%6f%6e\/wp\/v2\/posts\/2435","targetHints":{"allow":["GET"]}}],"collection":[{"href":"https:\/\/spatzenkutter.gob.ar\/%77%70%2d%6a%73%6f%6e\/wp\/v2\/posts"}],"about":[{"href":"https:\/\/spatzenkutter.gob.ar\/%77%70%2d%6a%73%6f%6e\/wp\/v2\/types\/post"}],"author":[{"embeddable":true,"href":"https:\/\/spatzenkutter.gob.ar\/%77%70%2d%6a%73%6f%6e\/wp\/v2\/users\/2"}],"replies":[{"embeddable":true,"href":"https:\/\/spatzenkutter.gob.ar\/%77%70%2d%6a%73%6f%6e\/wp\/v2\/comments?post=2435"}],"version-history":[{"count":1,"href":"https:\/\/spatzenkutter.gob.ar\/%77%70%2d%6a%73%6f%6e\/wp\/v2\/posts\/2435\/revisions"}],"predecessor-version":[{"id":2437,"href":"https:\/\/spatzenkutter.gob.ar\/%77%70%2d%6a%73%6f%6e\/wp\/v2\/posts\/2435\/revisions\/2437"}],"wp:featuredmedia":[{"embeddable":true,"href":"https:\/\/spatzenkutter.gob.ar\/%77%70%2d%6a%73%6f%6e\/wp\/v2\/media\/2436"}],"wp:attachment":[{"href":"https:\/\/spatzenkutter.gob.ar\/%77%70%2d%6a%73%6f%6e\/wp\/v2\/media?parent=2435"}],"wp:term":[{"taxonomy":"category","embeddable":true,"href":"https:\/\/spatzenkutter.gob.ar\/%77%70%2d%6a%73%6f%6e\/wp\/v2\/categories?post=2435"},{"taxonomy":"post_tag","embeddable":true,"href":"https:\/\/spatzenkutter.gob.ar\/%77%70%2d%6a%73%6f%6e\/wp\/v2\/tags?post=2435"}],"curies":[{"name":"wp","href":"https:\/\/api.w.org\/{rel}","templated":true}]}}