{"id":2440,"date":"2025-06-05T13:43:48","date_gmt":"2025-06-05T13:43:48","guid":{"rendered":"https:\/\/spatzenkutter.gob.ar\/?p=2440"},"modified":"2025-06-05T13:43:48","modified_gmt":"2025-06-05T13:43:48","slug":"movimientos-y-novedades-en-nuestra-aldea","status":"publish","type":"post","link":"https:\/\/spatzenkutter.gob.ar\/movimientos-y-novedades-en-nuestra-aldea\/","title":{"rendered":"Movimientos y novedades en nuestra aldea"},"content":{"rendered":"<p>Informamos importantes novedades que tienen que ver con el d\u00eda a d\u00eda de trabajo, con noticias importantes para nuestros vecinos.<\/p>\n<p>Por un lado, el Taller de Aulas M\u00f3viles dio inicio esta semana, siendo un curso  de capacitaci\u00f3n gratuita de auxiliar electricista en la localidad, con gran cantidad de alumnos inscriptos. <\/p>\n<p><img fetchpriority=\"high\" decoding=\"async\" src=\"https:\/\/spatzenkutter.gob.ar\/%77%70%2d%63%6f%6e%74%65%6e%74\/uploads\/2025\/06\/Pintura-Salon.jpg\" alt=\"\" width=\"450\" height=\"600\" class=\"alignnone size-full wp-image-2442\" srcset=\"https:\/\/spatzenkutter.gob.ar\/%77%70%2d%63%6f%6e%74%65%6e%74\/uploads\/2025\/06\/Pintura-Salon.jpg 450w, https:\/\/spatzenkutter.gob.ar\/%77%70%2d%63%6f%6e%74%65%6e%74\/uploads\/2025\/06\/Pintura-Salon-225x300.jpg 225w\" sizes=\"(max-width: 450px) 100vw, 450px\" \/><\/p>\n<p>Tambi\u00e9n se llevaron a cabo trabajos de fino y pintura en el interior del sal\u00f3n comunal.<\/p>\n<p><img decoding=\"async\" src=\"https:\/\/spatzenkutter.gob.ar\/%77%70%2d%63%6f%6e%74%65%6e%74\/uploads\/2025\/06\/bb20c0ef-b2ee-42a6-8119-b8894fa96980-732x1024.jpg\" alt=\"\" width=\"732\" height=\"1024\" class=\"alignnone size-large wp-image-2443\" srcset=\"https:\/\/spatzenkutter.gob.ar\/%77%70%2d%63%6f%6e%74%65%6e%74\/uploads\/2025\/06\/bb20c0ef-b2ee-42a6-8119-b8894fa96980-732x1024.jpg 732w, https:\/\/spatzenkutter.gob.ar\/%77%70%2d%63%6f%6e%74%65%6e%74\/uploads\/2025\/06\/bb20c0ef-b2ee-42a6-8119-b8894fa96980-214x300.jpg 214w, https:\/\/spatzenkutter.gob.ar\/%77%70%2d%63%6f%6e%74%65%6e%74\/uploads\/2025\/06\/bb20c0ef-b2ee-42a6-8119-b8894fa96980-768x1075.jpg 768w, https:\/\/spatzenkutter.gob.ar\/%77%70%2d%63%6f%6e%74%65%6e%74\/uploads\/2025\/06\/bb20c0ef-b2ee-42a6-8119-b8894fa96980-585x819.jpg 585w, https:\/\/spatzenkutter.gob.ar\/%77%70%2d%63%6f%6e%74%65%6e%74\/uploads\/2025\/06\/bb20c0ef-b2ee-42a6-8119-b8894fa96980.jpg 952w\" sizes=\"(max-width: 732px) 100vw, 732px\" \/><\/p>\n<p>Mirando hacia adelante, te adelantamos que el 13 de junio a las 10.30 en el Monumento a Malvinas (Avenida Alemanes del Volga y Padre Kolman) se har\u00e1 el acto de recordaci\u00f3n del \u201cD\u00eda de la M\u00e1xima Resistencia\u201d, en el marco del 43\u00b0 Aniversario de la Gesta de Malvinas. <\/p>\n","protected":false},"excerpt":{"rendered":"<p>Informamos importantes novedades que tienen que ver con el d\u00eda a d\u00eda de trabajo, con noticias importantes para nuestros vecinos. Por un lado, el Taller de Aulas M\u00f3viles dio inicio&hellip;<\/p>\n","protected":false},"author":2,"featured_media":2441,"comment_status":"open","ping_status":"open","sticky":false,"template":"","format":"standard","meta":{"_lmt_disableupdate":"","_lmt_disable":"","footnotes":""},"categories":[10],"tags":[34,53],"class_list":["post-2440","post","type-post","status-publish","format-standard","has-post-thumbnail","hentry","category-noticias","tag-noticias","tag-obras"],"_links":{"self":[{"href":"https:\/\/spatzenkutter.gob.ar\/%77%70%2d%6a%73%6f%6e\/wp\/v2\/posts\/2440","targetHints":{"allow":["GET"]}}],"collection":[{"href":"https:\/\/spatzenkutter.gob.ar\/%77%70%2d%6a%73%6f%6e\/wp\/v2\/posts"}],"about":[{"href":"https:\/\/spatzenkutter.gob.ar\/%77%70%2d%6a%73%6f%6e\/wp\/v2\/types\/post"}],"author":[{"embeddable":true,"href":"https:\/\/spatzenkutter.gob.ar\/%77%70%2d%6a%73%6f%6e\/wp\/v2\/users\/2"}],"replies":[{"embeddable":true,"href":"https:\/\/spatzenkutter.gob.ar\/%77%70%2d%6a%73%6f%6e\/wp\/v2\/comments?post=2440"}],"version-history":[{"count":1,"href":"https:\/\/spatzenkutter.gob.ar\/%77%70%2d%6a%73%6f%6e\/wp\/v2\/posts\/2440\/revisions"}],"predecessor-version":[{"id":2444,"href":"https:\/\/spatzenkutter.gob.ar\/%77%70%2d%6a%73%6f%6e\/wp\/v2\/posts\/2440\/revisions\/2444"}],"wp:featuredmedia":[{"embeddable":true,"href":"https:\/\/spatzenkutter.gob.ar\/%77%70%2d%6a%73%6f%6e\/wp\/v2\/media\/2441"}],"wp:attachment":[{"href":"https:\/\/spatzenkutter.gob.ar\/%77%70%2d%6a%73%6f%6e\/wp\/v2\/media?parent=2440"}],"wp:term":[{"taxonomy":"category","embeddable":true,"href":"https:\/\/spatzenkutter.gob.ar\/%77%70%2d%6a%73%6f%6e\/wp\/v2\/categories?post=2440"},{"taxonomy":"post_tag","embeddable":true,"href":"https:\/\/spatzenkutter.gob.ar\/%77%70%2d%6a%73%6f%6e\/wp\/v2\/tags?post=2440"}],"curies":[{"name":"wp","href":"https:\/\/api.w.org\/{rel}","templated":true}]}}