{"id":2449,"date":"2025-06-10T19:46:10","date_gmt":"2025-06-10T19:46:10","guid":{"rendered":"https:\/\/spatzenkutter.gob.ar\/?p=2449"},"modified":"2025-06-10T19:46:10","modified_gmt":"2025-06-10T19:46:10","slug":"caminos-y-poli-en-nuestra-agenda","status":"publish","type":"post","link":"https:\/\/spatzenkutter.gob.ar\/caminos-y-poli-en-nuestra-agenda\/","title":{"rendered":"Caminos y poli en nuestra agenda"},"content":{"rendered":"<p>Continuaron hoy los trabajos de recuperaci\u00f3n de nuestros caminos rurales, cuneteo, recarga de material calc\u00e1reo, riego y compactaci\u00f3n de suelo. <\/p>\n<p>Es un trabajo conjunto de la Direcci\u00f3n Provincial de Vialidad, Zonal Vl Diamante en conjunto con nuestra Comuna.<\/p>\n<p>Por otro lado, avanzan las tareas de construcci\u00f3n del futuro play\u00f3n polideportivo. <\/p>\n<p><img fetchpriority=\"high\" decoding=\"async\" src=\"https:\/\/spatzenkutter.gob.ar\/%77%70%2d%63%6f%6e%74%65%6e%74\/uploads\/2025\/06\/504825910_1156315483203742_388683261212380565_n.jpg\" alt=\"\" width=\"450\" height=\"600\" class=\"alignnone size-full wp-image-2450\" srcset=\"https:\/\/spatzenkutter.gob.ar\/%77%70%2d%63%6f%6e%74%65%6e%74\/uploads\/2025\/06\/504825910_1156315483203742_388683261212380565_n.jpg 450w, https:\/\/spatzenkutter.gob.ar\/%77%70%2d%63%6f%6e%74%65%6e%74\/uploads\/2025\/06\/504825910_1156315483203742_388683261212380565_n-225x300.jpg 225w\" sizes=\"(max-width: 450px) 100vw, 450px\" \/><\/p>\n","protected":false},"excerpt":{"rendered":"<p>Continuaron hoy los trabajos de recuperaci\u00f3n de nuestros caminos rurales, cuneteo, recarga de material calc\u00e1reo, riego y compactaci\u00f3n de suelo. Es un trabajo conjunto de la Direcci\u00f3n Provincial de Vialidad,&hellip;<\/p>\n","protected":false},"author":2,"featured_media":2451,"comment_status":"open","ping_status":"open","sticky":false,"template":"","format":"standard","meta":{"_lmt_disableupdate":"","_lmt_disable":"","footnotes":""},"categories":[10],"tags":[],"class_list":["post-2449","post","type-post","status-publish","format-standard","has-post-thumbnail","hentry","category-noticias"],"_links":{"self":[{"href":"https:\/\/spatzenkutter.gob.ar\/%77%70%2d%6a%73%6f%6e\/wp\/v2\/posts\/2449","targetHints":{"allow":["GET"]}}],"collection":[{"href":"https:\/\/spatzenkutter.gob.ar\/%77%70%2d%6a%73%6f%6e\/wp\/v2\/posts"}],"about":[{"href":"https:\/\/spatzenkutter.gob.ar\/%77%70%2d%6a%73%6f%6e\/wp\/v2\/types\/post"}],"author":[{"embeddable":true,"href":"https:\/\/spatzenkutter.gob.ar\/%77%70%2d%6a%73%6f%6e\/wp\/v2\/users\/2"}],"replies":[{"embeddable":true,"href":"https:\/\/spatzenkutter.gob.ar\/%77%70%2d%6a%73%6f%6e\/wp\/v2\/comments?post=2449"}],"version-history":[{"count":1,"href":"https:\/\/spatzenkutter.gob.ar\/%77%70%2d%6a%73%6f%6e\/wp\/v2\/posts\/2449\/revisions"}],"predecessor-version":[{"id":2452,"href":"https:\/\/spatzenkutter.gob.ar\/%77%70%2d%6a%73%6f%6e\/wp\/v2\/posts\/2449\/revisions\/2452"}],"wp:featuredmedia":[{"embeddable":true,"href":"https:\/\/spatzenkutter.gob.ar\/%77%70%2d%6a%73%6f%6e\/wp\/v2\/media\/2451"}],"wp:attachment":[{"href":"https:\/\/spatzenkutter.gob.ar\/%77%70%2d%6a%73%6f%6e\/wp\/v2\/media?parent=2449"}],"wp:term":[{"taxonomy":"category","embeddable":true,"href":"https:\/\/spatzenkutter.gob.ar\/%77%70%2d%6a%73%6f%6e\/wp\/v2\/categories?post=2449"},{"taxonomy":"post_tag","embeddable":true,"href":"https:\/\/spatzenkutter.gob.ar\/%77%70%2d%6a%73%6f%6e\/wp\/v2\/tags?post=2449"}],"curies":[{"name":"wp","href":"https:\/\/api.w.org\/{rel}","templated":true}]}}