{"id":2455,"date":"2025-07-02T19:45:26","date_gmt":"2025-07-02T19:45:26","guid":{"rendered":"https:\/\/spatzenkutter.gob.ar\/?p=2455"},"modified":"2025-07-02T19:45:26","modified_gmt":"2025-07-02T19:45:26","slug":"el-embajador-de-alemania-visito-nuestra-aldea","status":"publish","type":"post","link":"https:\/\/spatzenkutter.gob.ar\/el-embajador-de-alemania-visito-nuestra-aldea\/","title":{"rendered":"El Embajador de Alemania visit\u00f3 nuestra aldea"},"content":{"rendered":"<p>Con motivo de los 200 a\u00f1os de amistad entre Argentina y Alemania, junto al Embajador de Alemania Dieter Lamle y su equipo de trabajo, el presidente de nuestra Comuna Juan Lell comparti\u00f3 un interesante di\u00e1logo mancomunado.<\/p>\n<p>Como parte de las actividades programadas, plantaron un algarrobo, como s\u00edmbolo de hermandad, finalizando la visita con una recorrida por el Museo, intercambiando obsequios recordatorios.<\/p>\n<p>\u201cFue un gran honor para nuestra localidad haber recibido al Embajador de la Rep\u00fablica Federal de Alemania. Agradecemos a todos, pero en forma especial a Dar\u00edo Wendler, Director de Turismo y Cultura de la vecina localidad de Aldea Valle Mar\u00eda\u201d, indic\u00f3 Lell.<\/p>\n","protected":false},"excerpt":{"rendered":"<p>Con motivo de los 200 a\u00f1os de amistad entre Argentina y Alemania, junto al Embajador de Alemania Dieter Lamle y su equipo de trabajo, el presidente de nuestra Comuna Juan&hellip;<\/p>\n","protected":false},"author":2,"featured_media":2456,"comment_status":"open","ping_status":"open","sticky":false,"template":"","format":"standard","meta":{"_lmt_disableupdate":"","_lmt_disable":"","footnotes":""},"categories":[10],"tags":[104],"class_list":["post-2455","post","type-post","status-publish","format-standard","has-post-thumbnail","hentry","category-noticias","tag-embajador"],"_links":{"self":[{"href":"https:\/\/spatzenkutter.gob.ar\/%77%70%2d%6a%73%6f%6e\/wp\/v2\/posts\/2455","targetHints":{"allow":["GET"]}}],"collection":[{"href":"https:\/\/spatzenkutter.gob.ar\/%77%70%2d%6a%73%6f%6e\/wp\/v2\/posts"}],"about":[{"href":"https:\/\/spatzenkutter.gob.ar\/%77%70%2d%6a%73%6f%6e\/wp\/v2\/types\/post"}],"author":[{"embeddable":true,"href":"https:\/\/spatzenkutter.gob.ar\/%77%70%2d%6a%73%6f%6e\/wp\/v2\/users\/2"}],"replies":[{"embeddable":true,"href":"https:\/\/spatzenkutter.gob.ar\/%77%70%2d%6a%73%6f%6e\/wp\/v2\/comments?post=2455"}],"version-history":[{"count":1,"href":"https:\/\/spatzenkutter.gob.ar\/%77%70%2d%6a%73%6f%6e\/wp\/v2\/posts\/2455\/revisions"}],"predecessor-version":[{"id":2457,"href":"https:\/\/spatzenkutter.gob.ar\/%77%70%2d%6a%73%6f%6e\/wp\/v2\/posts\/2455\/revisions\/2457"}],"wp:featuredmedia":[{"embeddable":true,"href":"https:\/\/spatzenkutter.gob.ar\/%77%70%2d%6a%73%6f%6e\/wp\/v2\/media\/2456"}],"wp:attachment":[{"href":"https:\/\/spatzenkutter.gob.ar\/%77%70%2d%6a%73%6f%6e\/wp\/v2\/media?parent=2455"}],"wp:term":[{"taxonomy":"category","embeddable":true,"href":"https:\/\/spatzenkutter.gob.ar\/%77%70%2d%6a%73%6f%6e\/wp\/v2\/categories?post=2455"},{"taxonomy":"post_tag","embeddable":true,"href":"https:\/\/spatzenkutter.gob.ar\/%77%70%2d%6a%73%6f%6e\/wp\/v2\/tags?post=2455"}],"curies":[{"name":"wp","href":"https:\/\/api.w.org\/{rel}","templated":true}]}}