{"id":2461,"date":"2025-07-17T14:35:28","date_gmt":"2025-07-17T14:35:28","guid":{"rendered":"https:\/\/spatzenkutter.gob.ar\/?p=2461"},"modified":"2025-07-17T14:35:28","modified_gmt":"2025-07-17T14:35:28","slug":"se-viene-este-viernes-un-nuevo-encuentro-de-plateria-criolla-en-nuestra-aldea","status":"publish","type":"post","link":"https:\/\/spatzenkutter.gob.ar\/se-viene-este-viernes-un-nuevo-encuentro-de-plateria-criolla-en-nuestra-aldea\/","title":{"rendered":"Se viene este viernes un nuevo encuentro de plater\u00eda criolla en nuestra aldea"},"content":{"rendered":"<p>Con esta propuesta se busca homenajear al gaucho argentino y tambi\u00e9n dar a conocer datos y detalles relacionados con esta tem\u00e1tica, la plater\u00eda criolla, que tiene mucho que ver con la historia de Entre R\u00edos.<\/p>\n<p><img fetchpriority=\"high\" decoding=\"async\" src=\"https:\/\/spatzenkutter.gob.ar\/%77%70%2d%63%6f%6e%74%65%6e%74\/uploads\/2025\/07\/2.jpg\" alt=\"\" width=\"959\" height=\"940\" class=\"alignnone size-full wp-image-2463\" srcset=\"https:\/\/spatzenkutter.gob.ar\/%77%70%2d%63%6f%6e%74%65%6e%74\/uploads\/2025\/07\/2.jpg 959w, https:\/\/spatzenkutter.gob.ar\/%77%70%2d%63%6f%6e%74%65%6e%74\/uploads\/2025\/07\/2-300x294.jpg 300w, https:\/\/spatzenkutter.gob.ar\/%77%70%2d%63%6f%6e%74%65%6e%74\/uploads\/2025\/07\/2-768x753.jpg 768w, https:\/\/spatzenkutter.gob.ar\/%77%70%2d%63%6f%6e%74%65%6e%74\/uploads\/2025\/07\/2-585x573.jpg 585w\" sizes=\"(max-width: 959px) 100vw, 959px\" \/><\/p>\n<p>Nuevamente, en ese contexto, proponemos charlas y foros, con la disertaci\u00f3n de oradores y presencia de expositores y plateros, sumando en esta oportunidad la m\u00fasica, poes\u00eda y canto como complemento. <\/p>\n<p><img decoding=\"async\" src=\"https:\/\/spatzenkutter.gob.ar\/%77%70%2d%63%6f%6e%74%65%6e%74\/uploads\/2025\/07\/3.jpg\" alt=\"\" width=\"960\" height=\"934\" class=\"alignnone size-full wp-image-2464\" srcset=\"https:\/\/spatzenkutter.gob.ar\/%77%70%2d%63%6f%6e%74%65%6e%74\/uploads\/2025\/07\/3.jpg 960w, https:\/\/spatzenkutter.gob.ar\/%77%70%2d%63%6f%6e%74%65%6e%74\/uploads\/2025\/07\/3-300x292.jpg 300w, https:\/\/spatzenkutter.gob.ar\/%77%70%2d%63%6f%6e%74%65%6e%74\/uploads\/2025\/07\/3-768x747.jpg 768w, https:\/\/spatzenkutter.gob.ar\/%77%70%2d%63%6f%6e%74%65%6e%74\/uploads\/2025\/07\/3-585x569.jpg 585w\" sizes=\"(max-width: 960px) 100vw, 960px\" \/><\/p>\n<p>Fue tanta la repercusi\u00f3n de la primera propuesta, que se vuelve a reeditar, como siempre con el acompa\u00f1amiento de amigos y coleccionistas interesados en esta tem\u00e1tica y por medio de la Comuna, a trav\u00e9s del \u00c1rea de Cultura.<\/p>\n<p><img decoding=\"async\" src=\"https:\/\/spatzenkutter.gob.ar\/%77%70%2d%63%6f%6e%74%65%6e%74\/uploads\/2025\/07\/4.jpg\" alt=\"\" width=\"960\" height=\"933\" class=\"alignnone size-full wp-image-2465\" srcset=\"https:\/\/spatzenkutter.gob.ar\/%77%70%2d%63%6f%6e%74%65%6e%74\/uploads\/2025\/07\/4.jpg 960w, https:\/\/spatzenkutter.gob.ar\/%77%70%2d%63%6f%6e%74%65%6e%74\/uploads\/2025\/07\/4-300x292.jpg 300w, https:\/\/spatzenkutter.gob.ar\/%77%70%2d%63%6f%6e%74%65%6e%74\/uploads\/2025\/07\/4-768x746.jpg 768w, https:\/\/spatzenkutter.gob.ar\/%77%70%2d%63%6f%6e%74%65%6e%74\/uploads\/2025\/07\/4-585x569.jpg 585w\" sizes=\"(max-width: 960px) 100vw, 960px\" \/><\/p>\n<p>Ser\u00e1 un viernes lleno de historia, cultura, tradici\u00f3n y recuerdos. <\/p>\n","protected":false},"excerpt":{"rendered":"<p>Con esta propuesta se busca homenajear al gaucho argentino y tambi\u00e9n dar a conocer datos y detalles relacionados con esta tem\u00e1tica, la plater\u00eda criolla, que tiene mucho que ver con&hellip;<\/p>\n","protected":false},"author":2,"featured_media":2462,"comment_status":"open","ping_status":"open","sticky":false,"template":"","format":"standard","meta":{"_lmt_disableupdate":"","_lmt_disable":"","footnotes":""},"categories":[10],"tags":[105],"class_list":["post-2461","post","type-post","status-publish","format-standard","has-post-thumbnail","hentry","category-noticias","tag-plateria-criolla"],"_links":{"self":[{"href":"https:\/\/spatzenkutter.gob.ar\/%77%70%2d%6a%73%6f%6e\/wp\/v2\/posts\/2461","targetHints":{"allow":["GET"]}}],"collection":[{"href":"https:\/\/spatzenkutter.gob.ar\/%77%70%2d%6a%73%6f%6e\/wp\/v2\/posts"}],"about":[{"href":"https:\/\/spatzenkutter.gob.ar\/%77%70%2d%6a%73%6f%6e\/wp\/v2\/types\/post"}],"author":[{"embeddable":true,"href":"https:\/\/spatzenkutter.gob.ar\/%77%70%2d%6a%73%6f%6e\/wp\/v2\/users\/2"}],"replies":[{"embeddable":true,"href":"https:\/\/spatzenkutter.gob.ar\/%77%70%2d%6a%73%6f%6e\/wp\/v2\/comments?post=2461"}],"version-history":[{"count":1,"href":"https:\/\/spatzenkutter.gob.ar\/%77%70%2d%6a%73%6f%6e\/wp\/v2\/posts\/2461\/revisions"}],"predecessor-version":[{"id":2466,"href":"https:\/\/spatzenkutter.gob.ar\/%77%70%2d%6a%73%6f%6e\/wp\/v2\/posts\/2461\/revisions\/2466"}],"wp:featuredmedia":[{"embeddable":true,"href":"https:\/\/spatzenkutter.gob.ar\/%77%70%2d%6a%73%6f%6e\/wp\/v2\/media\/2462"}],"wp:attachment":[{"href":"https:\/\/spatzenkutter.gob.ar\/%77%70%2d%6a%73%6f%6e\/wp\/v2\/media?parent=2461"}],"wp:term":[{"taxonomy":"category","embeddable":true,"href":"https:\/\/spatzenkutter.gob.ar\/%77%70%2d%6a%73%6f%6e\/wp\/v2\/categories?post=2461"},{"taxonomy":"post_tag","embeddable":true,"href":"https:\/\/spatzenkutter.gob.ar\/%77%70%2d%6a%73%6f%6e\/wp\/v2\/tags?post=2461"}],"curies":[{"name":"wp","href":"https:\/\/api.w.org\/{rel}","templated":true}]}}