{"id":2467,"date":"2025-07-17T15:19:09","date_gmt":"2025-07-17T15:19:09","guid":{"rendered":"https:\/\/spatzenkutter.gob.ar\/?p=2467"},"modified":"2025-07-17T15:19:09","modified_gmt":"2025-07-17T15:19:09","slug":"celebramos-nuestro-aniversario-con-un-concurso-literario-y-fotografico","status":"publish","type":"post","link":"https:\/\/spatzenkutter.gob.ar\/celebramos-nuestro-aniversario-con-un-concurso-literario-y-fotografico\/","title":{"rendered":"Celebramos nuestro aniversario con un concurso literario y fotogr\u00e1fico"},"content":{"rendered":"<p>La idea es que qui\u00e9nes participen lo hagan con no m\u00e1s de 3 fotograf\u00edas y\/o textos literarios, juntos o por separado. <\/p>\n<p>Los archivos se recepcionan hasta el 31 de julio a trav\u00e9s del celular 3435010228 o el correo electr\u00f3nico bibliocomunalgabrielamistral@gmail.com<\/p>\n<p>Participan todas las personas sin l\u00edmite de edad. Cada participante puede presentar un m\u00e1ximo de 3 fotos. No es necesario residir en la localidad. Los archivos fotogr\u00e1ficos deben ser, en la medida de lo posible, en formato JPG. Si las fotograf\u00edas son tomadas con c\u00e1mara profesional debe dejarlo expresado. <\/p>\n<p>Los textos literarios pueden ser: Poemas, versos, frases, an\u00e9cdotas, etc.<\/p>\n<p>Se recibir\u00e1n fotos y textos hasta el 31 de julio, inclusive. Ser\u00e1n premiados las 3 fotograf\u00edas m\u00e1s creativas y los 3 textos literarios que representan mejor a la localidad. El jurado estar\u00e1 compuesto por un fot\u00f3grafo\/a y un escritor\/a, quienes ser\u00e1n los encargados de hacer las menciones en una muestra fotogr\u00e1fica y literaria, con fecha a definir.<\/p>\n<p>En este link que te compartimos est\u00e1n todas las bases y condiciones: https:\/\/docs.google.com\/document\/u\/0\/d\/1FwyoslJzc3V37ghe0FrD8t2c-sJI_y7RJqSeNq62u8o\/mobilebasic<\/p>\n","protected":false},"excerpt":{"rendered":"<p>La idea es que qui\u00e9nes participen lo hagan con no m\u00e1s de 3 fotograf\u00edas y\/o textos literarios, juntos o por separado. Los archivos se recepcionan hasta el 31 de julio&hellip;<\/p>\n","protected":false},"author":2,"featured_media":2468,"comment_status":"open","ping_status":"open","sticky":false,"template":"","format":"standard","meta":{"_lmt_disableupdate":"","_lmt_disable":"","footnotes":""},"categories":[10],"tags":[40],"class_list":["post-2467","post","type-post","status-publish","format-standard","has-post-thumbnail","hentry","category-noticias","tag-spatzenkutter"],"_links":{"self":[{"href":"https:\/\/spatzenkutter.gob.ar\/%77%70%2d%6a%73%6f%6e\/wp\/v2\/posts\/2467","targetHints":{"allow":["GET"]}}],"collection":[{"href":"https:\/\/spatzenkutter.gob.ar\/%77%70%2d%6a%73%6f%6e\/wp\/v2\/posts"}],"about":[{"href":"https:\/\/spatzenkutter.gob.ar\/%77%70%2d%6a%73%6f%6e\/wp\/v2\/types\/post"}],"author":[{"embeddable":true,"href":"https:\/\/spatzenkutter.gob.ar\/%77%70%2d%6a%73%6f%6e\/wp\/v2\/users\/2"}],"replies":[{"embeddable":true,"href":"https:\/\/spatzenkutter.gob.ar\/%77%70%2d%6a%73%6f%6e\/wp\/v2\/comments?post=2467"}],"version-history":[{"count":1,"href":"https:\/\/spatzenkutter.gob.ar\/%77%70%2d%6a%73%6f%6e\/wp\/v2\/posts\/2467\/revisions"}],"predecessor-version":[{"id":2469,"href":"https:\/\/spatzenkutter.gob.ar\/%77%70%2d%6a%73%6f%6e\/wp\/v2\/posts\/2467\/revisions\/2469"}],"wp:featuredmedia":[{"embeddable":true,"href":"https:\/\/spatzenkutter.gob.ar\/%77%70%2d%6a%73%6f%6e\/wp\/v2\/media\/2468"}],"wp:attachment":[{"href":"https:\/\/spatzenkutter.gob.ar\/%77%70%2d%6a%73%6f%6e\/wp\/v2\/media?parent=2467"}],"wp:term":[{"taxonomy":"category","embeddable":true,"href":"https:\/\/spatzenkutter.gob.ar\/%77%70%2d%6a%73%6f%6e\/wp\/v2\/categories?post=2467"},{"taxonomy":"post_tag","embeddable":true,"href":"https:\/\/spatzenkutter.gob.ar\/%77%70%2d%6a%73%6f%6e\/wp\/v2\/tags?post=2467"}],"curies":[{"name":"wp","href":"https:\/\/api.w.org\/{rel}","templated":true}]}}