{"id":2471,"date":"2025-07-31T13:30:58","date_gmt":"2025-07-31T13:30:58","guid":{"rendered":"https:\/\/spatzenkutter.gob.ar\/?p=2471"},"modified":"2025-07-31T13:30:58","modified_gmt":"2025-07-31T13:30:58","slug":"reprogramamos-los-festejos-por-el-dia-del-nino","status":"publish","type":"post","link":"https:\/\/spatzenkutter.gob.ar\/reprogramamos-los-festejos-por-el-dia-del-nino\/","title":{"rendered":"Reprogramamos los festejos por el D\u00eda del Ni\u00f1o"},"content":{"rendered":"<p>Se llevar\u00e1 a cabo, finalmente, el jueves 14 de agosto a partir de las 14.30 en el Parque Carlitos Bal\u00e1.<\/p>\n<p>Habr\u00e1 peloteros, animaci\u00f3n, taller de arte, s\u00faper h\u00e9roes, maquillaje art\u00edstico, chocolate, tortas fritas y donas. <\/p>\n<p>Agend\u00e1 la nueva fecha porque vamos a pasar un d\u00eda genial con nuestra infancia. Diversi\u00f3n garantizada para los chicos y una jornada para que vos tambi\u00e9n, mate en mano, desconectes de la rutina y conectes con ellos y su inigualable energ\u00eda. <\/p>\n<p>Los esperamos a todos. Recomendamos llevar sillones para m\u00e1s comodidad. <\/p>\n","protected":false},"excerpt":{"rendered":"<p>Se llevar\u00e1 a cabo, finalmente, el jueves 14 de agosto a partir de las 14.30 en el Parque Carlitos Bal\u00e1. Habr\u00e1 peloteros, animaci\u00f3n, taller de arte, s\u00faper h\u00e9roes, maquillaje art\u00edstico,&hellip;<\/p>\n","protected":false},"author":2,"featured_media":2472,"comment_status":"open","ping_status":"open","sticky":false,"template":"","format":"standard","meta":{"_lmt_disableupdate":"","_lmt_disable":"","footnotes":""},"categories":[10],"tags":[106,40],"class_list":["post-2471","post","type-post","status-publish","format-standard","has-post-thumbnail","hentry","category-noticias","tag-dia-del-nino","tag-spatzenkutter"],"_links":{"self":[{"href":"https:\/\/spatzenkutter.gob.ar\/%77%70%2d%6a%73%6f%6e\/wp\/v2\/posts\/2471","targetHints":{"allow":["GET"]}}],"collection":[{"href":"https:\/\/spatzenkutter.gob.ar\/%77%70%2d%6a%73%6f%6e\/wp\/v2\/posts"}],"about":[{"href":"https:\/\/spatzenkutter.gob.ar\/%77%70%2d%6a%73%6f%6e\/wp\/v2\/types\/post"}],"author":[{"embeddable":true,"href":"https:\/\/spatzenkutter.gob.ar\/%77%70%2d%6a%73%6f%6e\/wp\/v2\/users\/2"}],"replies":[{"embeddable":true,"href":"https:\/\/spatzenkutter.gob.ar\/%77%70%2d%6a%73%6f%6e\/wp\/v2\/comments?post=2471"}],"version-history":[{"count":1,"href":"https:\/\/spatzenkutter.gob.ar\/%77%70%2d%6a%73%6f%6e\/wp\/v2\/posts\/2471\/revisions"}],"predecessor-version":[{"id":2473,"href":"https:\/\/spatzenkutter.gob.ar\/%77%70%2d%6a%73%6f%6e\/wp\/v2\/posts\/2471\/revisions\/2473"}],"wp:featuredmedia":[{"embeddable":true,"href":"https:\/\/spatzenkutter.gob.ar\/%77%70%2d%6a%73%6f%6e\/wp\/v2\/media\/2472"}],"wp:attachment":[{"href":"https:\/\/spatzenkutter.gob.ar\/%77%70%2d%6a%73%6f%6e\/wp\/v2\/media?parent=2471"}],"wp:term":[{"taxonomy":"category","embeddable":true,"href":"https:\/\/spatzenkutter.gob.ar\/%77%70%2d%6a%73%6f%6e\/wp\/v2\/categories?post=2471"},{"taxonomy":"post_tag","embeddable":true,"href":"https:\/\/spatzenkutter.gob.ar\/%77%70%2d%6a%73%6f%6e\/wp\/v2\/tags?post=2471"}],"curies":[{"name":"wp","href":"https:\/\/api.w.org\/{rel}","templated":true}]}}