{"id":2519,"date":"2025-11-06T15:23:24","date_gmt":"2025-11-06T15:23:24","guid":{"rendered":"https:\/\/spatzenkutter.gob.ar\/?p=2519"},"modified":"2025-11-06T15:23:24","modified_gmt":"2025-11-06T15:23:24","slug":"nuestra-aldea-en-movimiento","status":"publish","type":"post","link":"https:\/\/spatzenkutter.gob.ar\/nuestra-aldea-en-movimiento\/","title":{"rendered":"Nuestra aldea en movimiento"},"content":{"rendered":"<p>El Museo Nuestras ra\u00edces alemanas invita a disfrutar \u2018La noche estrellada\u2019, en el marco de \u2018La noche de los museos\u2019, el s\u00e1bado 15 de noviembre a las 21.00.<\/p>\n<p>&nbsp;<\/p>\n<p>Se llevar\u00e1 a cabo en el Museo Nuestras Ra\u00edces Alemanas, en Avenida Alemanes del Volga 524 de Aldea Spatzenkutter.<\/p>\n<p>&nbsp;<\/p>\n<p>La propuesta incluye, de la mano de la Fundaci\u00f3n Observar.org.ar, la posibilidad de presenciar las maravillas que esconde el firmamento a trav\u00e9s de observaciones astron\u00f3micas.<\/p>\n<p>&nbsp;<\/p>\n<p><img fetchpriority=\"high\" decoding=\"async\" class=\"alignnone size-large wp-image-2520\" src=\"https:\/\/spatzenkutter.gob.ar\/%77%70%2d%63%6f%6e%74%65%6e%74\/uploads\/2025\/11\/bcaa7972-08a3-48b2-b4ad-4d2d17520353-724x1024.jpg\" alt=\"\" width=\"724\" height=\"1024\" srcset=\"https:\/\/spatzenkutter.gob.ar\/%77%70%2d%63%6f%6e%74%65%6e%74\/uploads\/2025\/11\/bcaa7972-08a3-48b2-b4ad-4d2d17520353-724x1024.jpg 724w, https:\/\/spatzenkutter.gob.ar\/%77%70%2d%63%6f%6e%74%65%6e%74\/uploads\/2025\/11\/bcaa7972-08a3-48b2-b4ad-4d2d17520353-212x300.jpg 212w, https:\/\/spatzenkutter.gob.ar\/%77%70%2d%63%6f%6e%74%65%6e%74\/uploads\/2025\/11\/bcaa7972-08a3-48b2-b4ad-4d2d17520353-768x1086.jpg 768w, https:\/\/spatzenkutter.gob.ar\/%77%70%2d%63%6f%6e%74%65%6e%74\/uploads\/2025\/11\/bcaa7972-08a3-48b2-b4ad-4d2d17520353-1086x1536.jpg 1086w, https:\/\/spatzenkutter.gob.ar\/%77%70%2d%63%6f%6e%74%65%6e%74\/uploads\/2025\/11\/bcaa7972-08a3-48b2-b4ad-4d2d17520353-585x828.jpg 585w, https:\/\/spatzenkutter.gob.ar\/%77%70%2d%63%6f%6e%74%65%6e%74\/uploads\/2025\/11\/bcaa7972-08a3-48b2-b4ad-4d2d17520353.jpg 1131w\" sizes=\"(max-width: 724px) 100vw, 724px\" \/><\/p>\n<p><strong>Cierre de los talleres comunales 2025<\/strong><\/p>\n<p>El viernes 28 de noviembre a partir de las 19.00 se llevar\u00e1 a cabo el cierre anual de los talleres comunales de Aldea Spatzenkutter<\/p>\n<p>&nbsp;<\/p>\n<p>El evento incluir\u00e1 entrega de diplomas, exposici\u00f3n de trabajos, la actuaci\u00f3n del Taller de M\u00fasica y la presentaci\u00f3n de n\u00fameros art\u00edsticos.<\/p>\n<p>&nbsp;<\/p>\n<p>Agend\u00e1 la fecha y prep\u00e1rate para compartir una jornada en la que mostraremos todo lo aprendido durante el a\u00f1o que va llegando a su final.<\/p>\n","protected":false},"excerpt":{"rendered":"<p>El Museo Nuestras ra\u00edces alemanas invita a disfrutar \u2018La noche estrellada\u2019, en el marco de \u2018La noche de los museos\u2019, el s\u00e1bado 15 de noviembre a las 21.00. &nbsp; Se&hellip;<\/p>\n","protected":false},"author":2,"featured_media":2521,"comment_status":"open","ping_status":"open","sticky":false,"template":"","format":"standard","meta":{"_lmt_disableupdate":"","_lmt_disable":"","footnotes":""},"categories":[10],"tags":[],"class_list":["post-2519","post","type-post","status-publish","format-standard","has-post-thumbnail","hentry","category-noticias"],"_links":{"self":[{"href":"https:\/\/spatzenkutter.gob.ar\/%77%70%2d%6a%73%6f%6e\/wp\/v2\/posts\/2519","targetHints":{"allow":["GET"]}}],"collection":[{"href":"https:\/\/spatzenkutter.gob.ar\/%77%70%2d%6a%73%6f%6e\/wp\/v2\/posts"}],"about":[{"href":"https:\/\/spatzenkutter.gob.ar\/%77%70%2d%6a%73%6f%6e\/wp\/v2\/types\/post"}],"author":[{"embeddable":true,"href":"https:\/\/spatzenkutter.gob.ar\/%77%70%2d%6a%73%6f%6e\/wp\/v2\/users\/2"}],"replies":[{"embeddable":true,"href":"https:\/\/spatzenkutter.gob.ar\/%77%70%2d%6a%73%6f%6e\/wp\/v2\/comments?post=2519"}],"version-history":[{"count":1,"href":"https:\/\/spatzenkutter.gob.ar\/%77%70%2d%6a%73%6f%6e\/wp\/v2\/posts\/2519\/revisions"}],"predecessor-version":[{"id":2522,"href":"https:\/\/spatzenkutter.gob.ar\/%77%70%2d%6a%73%6f%6e\/wp\/v2\/posts\/2519\/revisions\/2522"}],"wp:featuredmedia":[{"embeddable":true,"href":"https:\/\/spatzenkutter.gob.ar\/%77%70%2d%6a%73%6f%6e\/wp\/v2\/media\/2521"}],"wp:attachment":[{"href":"https:\/\/spatzenkutter.gob.ar\/%77%70%2d%6a%73%6f%6e\/wp\/v2\/media?parent=2519"}],"wp:term":[{"taxonomy":"category","embeddable":true,"href":"https:\/\/spatzenkutter.gob.ar\/%77%70%2d%6a%73%6f%6e\/wp\/v2\/categories?post=2519"},{"taxonomy":"post_tag","embeddable":true,"href":"https:\/\/spatzenkutter.gob.ar\/%77%70%2d%6a%73%6f%6e\/wp\/v2\/tags?post=2519"}],"curies":[{"name":"wp","href":"https:\/\/api.w.org\/{rel}","templated":true}]}}