{"id":2824,"date":"2025-11-19T14:08:39","date_gmt":"2025-11-19T14:08:39","guid":{"rendered":"https:\/\/spatzenkutter.gob.ar\/?p=2824"},"modified":"2025-11-19T14:08:39","modified_gmt":"2025-11-19T14:08:39","slug":"despues-de-la-suspension-se-lleva-a-cabo-la-noche-de-los-museos","status":"publish","type":"post","link":"https:\/\/spatzenkutter.gob.ar\/despues-de-la-suspension-se-lleva-a-cabo-la-noche-de-los-museos\/","title":{"rendered":"Despu\u00e9s de la suspensi\u00f3n, se lleva a cabo La noche de los Museos"},"content":{"rendered":"<p><strong>El Museo Nuestras ra\u00edces alemanas de Aldea Spatzenkutter invita a disfrutar \u2018La noche estrellada\u2019, en el marco de \u2018La noche de los museos\u2019, este s\u00e1bado 22 de noviembre a las 21.00.<\/strong><\/p>\n<p>Despu\u00e9s de la suspensi\u00f3n del pasado fin de semana por las malas condiciones clim\u00e1ticas, se llevar\u00e1 a cabo en el Museo Nuestras Ra\u00edces Alemanas, en Avenida Alemanes del Volga 524 de nuestra Aldea Spatzenkutter.<\/p>\n<p>La propuesta incluye, de la mano de la Fundaci\u00f3n\u00a0<a href=\"https:\/\/l.facebook.com\/l.php?u=http%3A%2F%2FObservar.org.ar%2F%3Ffbclid%3DIwZXh0bgNhZW0CMTAAYnJpZBExblNYRmtmb2pBV25HZ3U1dXNydGMGYXBwX2lkEDIyMjAzOTE3ODgyMDA4OTIAAR5m9ZwzrJ16eFMncXynN-qPGBwR8AXwRv-wLMryMZ9c7We2sH1afR-oWuVbAQ_aem_uWI1nh8jlE1ROzXm6ouSPw&amp;h=AT3PF9t0rQM6BRMiZ-Dm86qnQNmbRMu6Z9BskmtBw5ae2kH9cPpvtgOIN5rAHvsLtfFvZKSTtIOpgcUpZCD_y6k3RZqjepif79-kcEOUx7CepLtLodRdS891JgunhfhrPm1MXn8Pnwskqw&amp;__tn__=-UK-R&amp;c%5b0%5d=AT1IF5MzLpQ92P3LyuUpZS7qGwUxlMR0ZRXtoF7gzfMnZbkichU8iq1tgFzqCBmwfA9duNC5_l9IApqWBK3jZ0o8-riQfTJs_gSCgAU9QcojERYQnKIVbBYhG0lHF6BiDwSLtVZBH_Ek-MR3QbQOaPshPGcYOoYA0yZgWTfIdmuuiS96y3lfYSkFAeOXZHsGDrQhAGpExxqziYZ627dKP3hTPw\"><strong>Observar.org.ar<\/strong><\/a>, la posibilidad de presenciar las maravillas que esconde el firmamento a trav\u00e9s de observaciones astron\u00f3micas.<\/p>\n","protected":false},"excerpt":{"rendered":"<p>El Museo Nuestras ra\u00edces alemanas de Aldea Spatzenkutter invita a disfrutar \u2018La noche estrellada\u2019, en el marco de \u2018La noche de los museos\u2019, este s\u00e1bado 22 de noviembre a las&hellip;<\/p>\n","protected":false},"author":2,"featured_media":2825,"comment_status":"open","ping_status":"open","sticky":false,"template":"","format":"standard","meta":{"_lmt_disableupdate":"","_lmt_disable":"","footnotes":""},"categories":[10],"tags":[94],"class_list":["post-2824","post","type-post","status-publish","format-standard","has-post-thumbnail","hentry","category-noticias","tag-noche-de-los-museos"],"_links":{"self":[{"href":"https:\/\/spatzenkutter.gob.ar\/%77%70%2d%6a%73%6f%6e\/wp\/v2\/posts\/2824","targetHints":{"allow":["GET"]}}],"collection":[{"href":"https:\/\/spatzenkutter.gob.ar\/%77%70%2d%6a%73%6f%6e\/wp\/v2\/posts"}],"about":[{"href":"https:\/\/spatzenkutter.gob.ar\/%77%70%2d%6a%73%6f%6e\/wp\/v2\/types\/post"}],"author":[{"embeddable":true,"href":"https:\/\/spatzenkutter.gob.ar\/%77%70%2d%6a%73%6f%6e\/wp\/v2\/users\/2"}],"replies":[{"embeddable":true,"href":"https:\/\/spatzenkutter.gob.ar\/%77%70%2d%6a%73%6f%6e\/wp\/v2\/comments?post=2824"}],"version-history":[{"count":1,"href":"https:\/\/spatzenkutter.gob.ar\/%77%70%2d%6a%73%6f%6e\/wp\/v2\/posts\/2824\/revisions"}],"predecessor-version":[{"id":2826,"href":"https:\/\/spatzenkutter.gob.ar\/%77%70%2d%6a%73%6f%6e\/wp\/v2\/posts\/2824\/revisions\/2826"}],"wp:featuredmedia":[{"embeddable":true,"href":"https:\/\/spatzenkutter.gob.ar\/%77%70%2d%6a%73%6f%6e\/wp\/v2\/media\/2825"}],"wp:attachment":[{"href":"https:\/\/spatzenkutter.gob.ar\/%77%70%2d%6a%73%6f%6e\/wp\/v2\/media?parent=2824"}],"wp:term":[{"taxonomy":"category","embeddable":true,"href":"https:\/\/spatzenkutter.gob.ar\/%77%70%2d%6a%73%6f%6e\/wp\/v2\/categories?post=2824"},{"taxonomy":"post_tag","embeddable":true,"href":"https:\/\/spatzenkutter.gob.ar\/%77%70%2d%6a%73%6f%6e\/wp\/v2\/tags?post=2824"}],"curies":[{"name":"wp","href":"https:\/\/api.w.org\/{rel}","templated":true}]}}