{"id":2827,"date":"2025-11-19T14:27:39","date_gmt":"2025-11-19T14:27:39","guid":{"rendered":"https:\/\/spatzenkutter.gob.ar\/?p=2827"},"modified":"2025-11-19T14:27:39","modified_gmt":"2025-11-19T14:27:39","slug":"colonia-de-vacaciones-2026-con-confirmaciones-organizativas","status":"publish","type":"post","link":"https:\/\/spatzenkutter.gob.ar\/colonia-de-vacaciones-2026-con-confirmaciones-organizativas\/","title":{"rendered":"Colonia de vacaciones 2026 con confirmaciones organizativas"},"content":{"rendered":"<p><strong>La Comuna de Spatzenkutter confirm\u00f3 el inicio de la Colonia de Vacaciones para la temporada de verano, estando programado para el 20 de enero de 2026.<\/strong><\/p>\n<p>&nbsp;<\/p>\n<p>Ser\u00e1 nuevamente un espacio para que chicos y chicas disfruten del verano con juegos, gimnasia, deportes, actividades recreativas y mucha diversi\u00f3n con experiencias al aire libre.\u00a0<strong>\u00a0<\/strong><\/p>\n<p>Es para ni\u00f1os y ni\u00f1as de 6 a 12 a\u00f1os.<\/p>\n<p>Cada encuentro ser\u00e1 una oportunidad para compartir, re\u00edr y pasarla genial con amigos y amigas, apostando a una temporada llena de risas, energ\u00eda y buenos momentos.<\/p>\n","protected":false},"excerpt":{"rendered":"<p>La Comuna de Spatzenkutter confirm\u00f3 el inicio de la Colonia de Vacaciones para la temporada de verano, estando programado para el 20 de enero de 2026. &nbsp; Ser\u00e1 nuevamente un&hellip;<\/p>\n","protected":false},"author":2,"featured_media":2828,"comment_status":"open","ping_status":"open","sticky":false,"template":"","format":"standard","meta":{"_lmt_disableupdate":"","_lmt_disable":"","footnotes":""},"categories":[10],"tags":[93],"class_list":["post-2827","post","type-post","status-publish","format-standard","has-post-thumbnail","hentry","category-noticias","tag-colonia-de-vacaciones"],"_links":{"self":[{"href":"https:\/\/spatzenkutter.gob.ar\/%77%70%2d%6a%73%6f%6e\/wp\/v2\/posts\/2827","targetHints":{"allow":["GET"]}}],"collection":[{"href":"https:\/\/spatzenkutter.gob.ar\/%77%70%2d%6a%73%6f%6e\/wp\/v2\/posts"}],"about":[{"href":"https:\/\/spatzenkutter.gob.ar\/%77%70%2d%6a%73%6f%6e\/wp\/v2\/types\/post"}],"author":[{"embeddable":true,"href":"https:\/\/spatzenkutter.gob.ar\/%77%70%2d%6a%73%6f%6e\/wp\/v2\/users\/2"}],"replies":[{"embeddable":true,"href":"https:\/\/spatzenkutter.gob.ar\/%77%70%2d%6a%73%6f%6e\/wp\/v2\/comments?post=2827"}],"version-history":[{"count":1,"href":"https:\/\/spatzenkutter.gob.ar\/%77%70%2d%6a%73%6f%6e\/wp\/v2\/posts\/2827\/revisions"}],"predecessor-version":[{"id":2829,"href":"https:\/\/spatzenkutter.gob.ar\/%77%70%2d%6a%73%6f%6e\/wp\/v2\/posts\/2827\/revisions\/2829"}],"wp:featuredmedia":[{"embeddable":true,"href":"https:\/\/spatzenkutter.gob.ar\/%77%70%2d%6a%73%6f%6e\/wp\/v2\/media\/2828"}],"wp:attachment":[{"href":"https:\/\/spatzenkutter.gob.ar\/%77%70%2d%6a%73%6f%6e\/wp\/v2\/media?parent=2827"}],"wp:term":[{"taxonomy":"category","embeddable":true,"href":"https:\/\/spatzenkutter.gob.ar\/%77%70%2d%6a%73%6f%6e\/wp\/v2\/categories?post=2827"},{"taxonomy":"post_tag","embeddable":true,"href":"https:\/\/spatzenkutter.gob.ar\/%77%70%2d%6a%73%6f%6e\/wp\/v2\/tags?post=2827"}],"curies":[{"name":"wp","href":"https:\/\/api.w.org\/{rel}","templated":true}]}}