{"id":2844,"date":"2026-02-24T14:42:14","date_gmt":"2026-02-24T14:42:14","guid":{"rendered":"https:\/\/spatzenkutter.gob.ar\/?p=2844"},"modified":"2026-02-24T14:42:14","modified_gmt":"2026-02-24T14:42:14","slug":"apertura-de-inscripciones-para-nuestros-talleres-comunales","status":"publish","type":"post","link":"https:\/\/spatzenkutter.gob.ar\/apertura-de-inscripciones-para-nuestros-talleres-comunales\/","title":{"rendered":"Apertura de inscripciones para nuestros talleres comunales"},"content":{"rendered":"<p>Nuestra Comuna organiza anualmente talleres comunales que cierran con una muestra de trabajos, entrega de diplomas y presentaciones art\u00edsticas, incluyendo m\u00fasica.<\/p>\n<p>&nbsp;<\/p>\n<p>Desarrollados durante el a\u00f1o, se trasforman en espacios de crecimiento, aprendizaje y encuentro para la comunidad.<\/p>\n<p>&nbsp;<\/p>\n<p>El cierre de la edici\u00f3n 2025 se celebr\u00f3 el 26 de noviembre en el Museo Nuestras Ra\u00edces Alemanas, destacando el arte, la m\u00fasica y el deporte como espacios de encuentro comunitario.<\/p>\n<p>&nbsp;<\/p>\n<p>El nuevo a\u00f1o trae nuevos proyectos, nuevas oportunidades, nuevas alternativas para los vecinos.<\/p>\n<p>&nbsp;<\/p>\n<p>Compartimos a continuaci\u00f3n el detalle. En cada flyer, referente a cada propuesta, aparece el contacto para realizar la inscripci\u00f3n gratuita.<\/p>\n<p>&nbsp;<\/p>\n<div id=\"attachment_2846\" style=\"width: 658px\" class=\"wp-caption alignnone\"><img fetchpriority=\"high\" decoding=\"async\" aria-describedby=\"caption-attachment-2846\" class=\"size-large wp-image-2846\" src=\"https:\/\/spatzenkutter.gob.ar\/%77%70%2d%63%6f%6e%74%65%6e%74\/uploads\/2026\/02\/640972219_26111784071842234_5547869789553794779_n.jpg\" alt=\"\" width=\"648\" height=\"960\" srcset=\"https:\/\/spatzenkutter.gob.ar\/%77%70%2d%63%6f%6e%74%65%6e%74\/uploads\/2026\/02\/640972219_26111784071842234_5547869789553794779_n.jpg 648w, https:\/\/spatzenkutter.gob.ar\/%77%70%2d%63%6f%6e%74%65%6e%74\/uploads\/2026\/02\/640972219_26111784071842234_5547869789553794779_n-203x300.jpg 203w, https:\/\/spatzenkutter.gob.ar\/%77%70%2d%63%6f%6e%74%65%6e%74\/uploads\/2026\/02\/640972219_26111784071842234_5547869789553794779_n-585x867.jpg 585w\" sizes=\"(max-width: 648px) 100vw, 648px\" \/><p id=\"caption-attachment-2846\" class=\"wp-caption-text\">Screenshot<\/p><\/div>\n<div id=\"attachment_2847\" style=\"width: 696px\" class=\"wp-caption alignnone\"><img decoding=\"async\" aria-describedby=\"caption-attachment-2847\" class=\"size-large wp-image-2847\" src=\"https:\/\/spatzenkutter.gob.ar\/%77%70%2d%63%6f%6e%74%65%6e%74\/uploads\/2026\/02\/641342825_26111784575175517_3748613985985208207_n.jpg\" alt=\"\" width=\"686\" height=\"960\" srcset=\"https:\/\/spatzenkutter.gob.ar\/%77%70%2d%63%6f%6e%74%65%6e%74\/uploads\/2026\/02\/641342825_26111784575175517_3748613985985208207_n.jpg 686w, https:\/\/spatzenkutter.gob.ar\/%77%70%2d%63%6f%6e%74%65%6e%74\/uploads\/2026\/02\/641342825_26111784575175517_3748613985985208207_n-214x300.jpg 214w, https:\/\/spatzenkutter.gob.ar\/%77%70%2d%63%6f%6e%74%65%6e%74\/uploads\/2026\/02\/641342825_26111784575175517_3748613985985208207_n-585x819.jpg 585w\" sizes=\"(max-width: 686px) 100vw, 686px\" \/><p id=\"caption-attachment-2847\" class=\"wp-caption-text\">Screenshot<\/p><\/div>\n<div id=\"attachment_2848\" style=\"width: 701px\" class=\"wp-caption alignnone\"><img decoding=\"async\" aria-describedby=\"caption-attachment-2848\" class=\"size-large wp-image-2848\" src=\"https:\/\/spatzenkutter.gob.ar\/%77%70%2d%63%6f%6e%74%65%6e%74\/uploads\/2026\/02\/641377125_26111874975166477_8925461239760252390_n-1-691x1024.jpg\" alt=\"\" width=\"691\" height=\"1024\" srcset=\"https:\/\/spatzenkutter.gob.ar\/%77%70%2d%63%6f%6e%74%65%6e%74\/uploads\/2026\/02\/641377125_26111874975166477_8925461239760252390_n-1-691x1024.jpg 691w, https:\/\/spatzenkutter.gob.ar\/%77%70%2d%63%6f%6e%74%65%6e%74\/uploads\/2026\/02\/641377125_26111874975166477_8925461239760252390_n-1-203x300.jpg 203w, https:\/\/spatzenkutter.gob.ar\/%77%70%2d%63%6f%6e%74%65%6e%74\/uploads\/2026\/02\/641377125_26111874975166477_8925461239760252390_n-1-768x1138.jpg 768w, https:\/\/spatzenkutter.gob.ar\/%77%70%2d%63%6f%6e%74%65%6e%74\/uploads\/2026\/02\/641377125_26111874975166477_8925461239760252390_n-1-1037x1536.jpg 1037w, https:\/\/spatzenkutter.gob.ar\/%77%70%2d%63%6f%6e%74%65%6e%74\/uploads\/2026\/02\/641377125_26111874975166477_8925461239760252390_n-1-1170x1733.jpg 1170w, https:\/\/spatzenkutter.gob.ar\/%77%70%2d%63%6f%6e%74%65%6e%74\/uploads\/2026\/02\/641377125_26111874975166477_8925461239760252390_n-1-585x867.jpg 585w, https:\/\/spatzenkutter.gob.ar\/%77%70%2d%63%6f%6e%74%65%6e%74\/uploads\/2026\/02\/641377125_26111874975166477_8925461239760252390_n-1.jpg 1205w\" sizes=\"(max-width: 691px) 100vw, 691px\" \/><p id=\"caption-attachment-2848\" class=\"wp-caption-text\">Screenshot<\/p><\/div>\n<div id=\"attachment_2849\" style=\"width: 658px\" class=\"wp-caption alignnone\"><img loading=\"lazy\" decoding=\"async\" aria-describedby=\"caption-attachment-2849\" class=\"size-large wp-image-2849\" src=\"https:\/\/spatzenkutter.gob.ar\/%77%70%2d%63%6f%6e%74%65%6e%74\/uploads\/2026\/02\/641399965_26111874701833171_6481648930379210674_n-648x1024.jpg\" alt=\"\" width=\"648\" height=\"1024\" srcset=\"https:\/\/spatzenkutter.gob.ar\/%77%70%2d%63%6f%6e%74%65%6e%74\/uploads\/2026\/02\/641399965_26111874701833171_6481648930379210674_n-648x1024.jpg 648w, https:\/\/spatzenkutter.gob.ar\/%77%70%2d%63%6f%6e%74%65%6e%74\/uploads\/2026\/02\/641399965_26111874701833171_6481648930379210674_n-190x300.jpg 190w, https:\/\/spatzenkutter.gob.ar\/%77%70%2d%63%6f%6e%74%65%6e%74\/uploads\/2026\/02\/641399965_26111874701833171_6481648930379210674_n-768x1214.jpg 768w, https:\/\/spatzenkutter.gob.ar\/%77%70%2d%63%6f%6e%74%65%6e%74\/uploads\/2026\/02\/641399965_26111874701833171_6481648930379210674_n-972x1536.jpg 972w, https:\/\/spatzenkutter.gob.ar\/%77%70%2d%63%6f%6e%74%65%6e%74\/uploads\/2026\/02\/641399965_26111874701833171_6481648930379210674_n-1170x1850.jpg 1170w, https:\/\/spatzenkutter.gob.ar\/%77%70%2d%63%6f%6e%74%65%6e%74\/uploads\/2026\/02\/641399965_26111874701833171_6481648930379210674_n-585x925.jpg 585w, https:\/\/spatzenkutter.gob.ar\/%77%70%2d%63%6f%6e%74%65%6e%74\/uploads\/2026\/02\/641399965_26111874701833171_6481648930379210674_n.jpg 1205w\" sizes=\"(max-width: 648px) 100vw, 648px\" \/><p id=\"caption-attachment-2849\" class=\"wp-caption-text\">Screenshot<\/p><\/div>\n<div id=\"attachment_2850\" style=\"width: 410px\" class=\"wp-caption alignnone\"><img loading=\"lazy\" decoding=\"async\" aria-describedby=\"caption-attachment-2850\" class=\"size-large wp-image-2850\" src=\"https:\/\/spatzenkutter.gob.ar\/%77%70%2d%63%6f%6e%74%65%6e%74\/uploads\/2026\/02\/641501809_26111874765166498_8978004449193577049_n.jpg\" alt=\"\" width=\"400\" height=\"590\" srcset=\"https:\/\/spatzenkutter.gob.ar\/%77%70%2d%63%6f%6e%74%65%6e%74\/uploads\/2026\/02\/641501809_26111874765166498_8978004449193577049_n.jpg 400w, https:\/\/spatzenkutter.gob.ar\/%77%70%2d%63%6f%6e%74%65%6e%74\/uploads\/2026\/02\/641501809_26111874765166498_8978004449193577049_n-203x300.jpg 203w\" sizes=\"(max-width: 400px) 100vw, 400px\" \/><p id=\"caption-attachment-2850\" class=\"wp-caption-text\">Screenshot<\/p><\/div>\n<div id=\"attachment_2851\" style=\"width: 776px\" class=\"wp-caption alignnone\"><img loading=\"lazy\" decoding=\"async\" aria-describedby=\"caption-attachment-2851\" class=\"size-large wp-image-2851\" src=\"https:\/\/spatzenkutter.gob.ar\/%77%70%2d%63%6f%6e%74%65%6e%74\/uploads\/2026\/02\/641514504_26111875588499749_5993203616049191215_n-766x1024.jpg\" alt=\"\" width=\"766\" height=\"1024\" srcset=\"https:\/\/spatzenkutter.gob.ar\/%77%70%2d%63%6f%6e%74%65%6e%74\/uploads\/2026\/02\/641514504_26111875588499749_5993203616049191215_n-766x1024.jpg 766w, https:\/\/spatzenkutter.gob.ar\/%77%70%2d%63%6f%6e%74%65%6e%74\/uploads\/2026\/02\/641514504_26111875588499749_5993203616049191215_n-224x300.jpg 224w, https:\/\/spatzenkutter.gob.ar\/%77%70%2d%63%6f%6e%74%65%6e%74\/uploads\/2026\/02\/641514504_26111875588499749_5993203616049191215_n-768x1027.jpg 768w, https:\/\/spatzenkutter.gob.ar\/%77%70%2d%63%6f%6e%74%65%6e%74\/uploads\/2026\/02\/641514504_26111875588499749_5993203616049191215_n-1149x1536.jpg 1149w, https:\/\/spatzenkutter.gob.ar\/%77%70%2d%63%6f%6e%74%65%6e%74\/uploads\/2026\/02\/641514504_26111875588499749_5993203616049191215_n-1170x1564.jpg 1170w, https:\/\/spatzenkutter.gob.ar\/%77%70%2d%63%6f%6e%74%65%6e%74\/uploads\/2026\/02\/641514504_26111875588499749_5993203616049191215_n-585x782.jpg 585w, https:\/\/spatzenkutter.gob.ar\/%77%70%2d%63%6f%6e%74%65%6e%74\/uploads\/2026\/02\/641514504_26111875588499749_5993203616049191215_n.jpg 1206w\" sizes=\"(max-width: 766px) 100vw, 766px\" \/><p id=\"caption-attachment-2851\" class=\"wp-caption-text\">Screenshot<\/p><\/div>\n<div id=\"attachment_2852\" style=\"width: 703px\" class=\"wp-caption alignnone\"><img loading=\"lazy\" decoding=\"async\" aria-describedby=\"caption-attachment-2852\" class=\"size-large wp-image-2852\" src=\"https:\/\/spatzenkutter.gob.ar\/%77%70%2d%63%6f%6e%74%65%6e%74\/uploads\/2026\/02\/641655785_26111875348499773_65005920865767680_n-693x1024.jpg\" alt=\"\" width=\"693\" height=\"1024\" srcset=\"https:\/\/spatzenkutter.gob.ar\/%77%70%2d%63%6f%6e%74%65%6e%74\/uploads\/2026\/02\/641655785_26111875348499773_65005920865767680_n-693x1024.jpg 693w, https:\/\/spatzenkutter.gob.ar\/%77%70%2d%63%6f%6e%74%65%6e%74\/uploads\/2026\/02\/641655785_26111875348499773_65005920865767680_n-203x300.jpg 203w, https:\/\/spatzenkutter.gob.ar\/%77%70%2d%63%6f%6e%74%65%6e%74\/uploads\/2026\/02\/641655785_26111875348499773_65005920865767680_n-768x1134.jpg 768w, https:\/\/spatzenkutter.gob.ar\/%77%70%2d%63%6f%6e%74%65%6e%74\/uploads\/2026\/02\/641655785_26111875348499773_65005920865767680_n-1040x1536.jpg 1040w, https:\/\/spatzenkutter.gob.ar\/%77%70%2d%63%6f%6e%74%65%6e%74\/uploads\/2026\/02\/641655785_26111875348499773_65005920865767680_n-1170x1728.jpg 1170w, https:\/\/spatzenkutter.gob.ar\/%77%70%2d%63%6f%6e%74%65%6e%74\/uploads\/2026\/02\/641655785_26111875348499773_65005920865767680_n-585x864.jpg 585w, https:\/\/spatzenkutter.gob.ar\/%77%70%2d%63%6f%6e%74%65%6e%74\/uploads\/2026\/02\/641655785_26111875348499773_65005920865767680_n.jpg 1206w\" sizes=\"(max-width: 693px) 100vw, 693px\" \/><p id=\"caption-attachment-2852\" class=\"wp-caption-text\">Screenshot<\/p><\/div>\n<div id=\"attachment_2853\" style=\"width: 708px\" class=\"wp-caption alignnone\"><img loading=\"lazy\" decoding=\"async\" aria-describedby=\"caption-attachment-2853\" class=\"size-large wp-image-2853\" src=\"https:\/\/spatzenkutter.gob.ar\/%77%70%2d%63%6f%6e%74%65%6e%74\/uploads\/2026\/02\/642277524_26111784301842211_8603480278807203753_n.jpg\" alt=\"\" width=\"698\" height=\"960\" srcset=\"https:\/\/spatzenkutter.gob.ar\/%77%70%2d%63%6f%6e%74%65%6e%74\/uploads\/2026\/02\/642277524_26111784301842211_8603480278807203753_n.jpg 698w, https:\/\/spatzenkutter.gob.ar\/%77%70%2d%63%6f%6e%74%65%6e%74\/uploads\/2026\/02\/642277524_26111784301842211_8603480278807203753_n-218x300.jpg 218w, https:\/\/spatzenkutter.gob.ar\/%77%70%2d%63%6f%6e%74%65%6e%74\/uploads\/2026\/02\/642277524_26111784301842211_8603480278807203753_n-585x805.jpg 585w\" sizes=\"(max-width: 698px) 100vw, 698px\" \/><p id=\"caption-attachment-2853\" class=\"wp-caption-text\">Screenshot<\/p><\/div>\n","protected":false},"excerpt":{"rendered":"<p>Nuestra Comuna organiza anualmente talleres comunales que cierran con una muestra de trabajos, entrega de diplomas y presentaciones art\u00edsticas, incluyendo m\u00fasica. &nbsp; Desarrollados durante el a\u00f1o, se trasforman en espacios&hellip;<\/p>\n","protected":false},"author":2,"featured_media":2845,"comment_status":"open","ping_status":"open","sticky":false,"template":"","format":"standard","meta":{"_lmt_disableupdate":"","_lmt_disable":"","footnotes":""},"categories":[10],"tags":[96],"class_list":["post-2844","post","type-post","status-publish","format-standard","has-post-thumbnail","hentry","category-noticias","tag-talleres"],"_links":{"self":[{"href":"https:\/\/spatzenkutter.gob.ar\/%77%70%2d%6a%73%6f%6e\/wp\/v2\/posts\/2844","targetHints":{"allow":["GET"]}}],"collection":[{"href":"https:\/\/spatzenkutter.gob.ar\/%77%70%2d%6a%73%6f%6e\/wp\/v2\/posts"}],"about":[{"href":"https:\/\/spatzenkutter.gob.ar\/%77%70%2d%6a%73%6f%6e\/wp\/v2\/types\/post"}],"author":[{"embeddable":true,"href":"https:\/\/spatzenkutter.gob.ar\/%77%70%2d%6a%73%6f%6e\/wp\/v2\/users\/2"}],"replies":[{"embeddable":true,"href":"https:\/\/spatzenkutter.gob.ar\/%77%70%2d%6a%73%6f%6e\/wp\/v2\/comments?post=2844"}],"version-history":[{"count":1,"href":"https:\/\/spatzenkutter.gob.ar\/%77%70%2d%6a%73%6f%6e\/wp\/v2\/posts\/2844\/revisions"}],"predecessor-version":[{"id":2854,"href":"https:\/\/spatzenkutter.gob.ar\/%77%70%2d%6a%73%6f%6e\/wp\/v2\/posts\/2844\/revisions\/2854"}],"wp:featuredmedia":[{"embeddable":true,"href":"https:\/\/spatzenkutter.gob.ar\/%77%70%2d%6a%73%6f%6e\/wp\/v2\/media\/2845"}],"wp:attachment":[{"href":"https:\/\/spatzenkutter.gob.ar\/%77%70%2d%6a%73%6f%6e\/wp\/v2\/media?parent=2844"}],"wp:term":[{"taxonomy":"category","embeddable":true,"href":"https:\/\/spatzenkutter.gob.ar\/%77%70%2d%6a%73%6f%6e\/wp\/v2\/categories?post=2844"},{"taxonomy":"post_tag","embeddable":true,"href":"https:\/\/spatzenkutter.gob.ar\/%77%70%2d%6a%73%6f%6e\/wp\/v2\/tags?post=2844"}],"curies":[{"name":"wp","href":"https:\/\/api.w.org\/{rel}","templated":true}]}}