{"id":2856,"date":"2026-03-10T14:35:53","date_gmt":"2026-03-10T14:35:53","guid":{"rendered":"https:\/\/spatzenkutter.gob.ar\/?p=2856"},"modified":"2026-03-10T14:35:53","modified_gmt":"2026-03-10T14:35:53","slug":"conferencia-por-el-dia-internacional-de-la-mujer","status":"publish","type":"post","link":"https:\/\/spatzenkutter.gob.ar\/conferencia-por-el-dia-internacional-de-la-mujer\/","title":{"rendered":"Conferencia por el D\u00eda Internacional de la Mujer"},"content":{"rendered":"<p>Este domingo 15 de marzo se llevar\u00e1 a cabo una conferencia en el marco del D\u00eda Internacional de la Mujer.<\/p>\n<p>El t\u00edtulo que lleva es \u201cMujer y psique: reflexiones sobre Helene Deutsch en el Mes de la Mujer\u201d, a cargo de la Lic. en Psicolog\u00eda Cintia Barbosa.<\/p>\n<p>Ser\u00e1 en el Auditorio \u2018Catalina Suksdorf\u2019 del Museo \u2018Nuestras Ra\u00edces Alemanas\u2019 de Aldea Spatzenkutter.<\/p>\n<p>Invitamos a toda la comunidad a participar.<\/p>\n","protected":false},"excerpt":{"rendered":"<p>Este domingo 15 de marzo se llevar\u00e1 a cabo una conferencia en el marco del D\u00eda Internacional de la Mujer. El t\u00edtulo que lleva es \u201cMujer y psique: reflexiones sobre&hellip;<\/p>\n","protected":false},"author":2,"featured_media":2857,"comment_status":"open","ping_status":"open","sticky":false,"template":"","format":"standard","meta":{"_lmt_disableupdate":"","_lmt_disable":"","footnotes":""},"categories":[10],"tags":[124],"class_list":["post-2856","post","type-post","status-publish","format-standard","has-post-thumbnail","hentry","category-noticias","tag-dia-de-la-mujer"],"_links":{"self":[{"href":"https:\/\/spatzenkutter.gob.ar\/%77%70%2d%6a%73%6f%6e\/wp\/v2\/posts\/2856","targetHints":{"allow":["GET"]}}],"collection":[{"href":"https:\/\/spatzenkutter.gob.ar\/%77%70%2d%6a%73%6f%6e\/wp\/v2\/posts"}],"about":[{"href":"https:\/\/spatzenkutter.gob.ar\/%77%70%2d%6a%73%6f%6e\/wp\/v2\/types\/post"}],"author":[{"embeddable":true,"href":"https:\/\/spatzenkutter.gob.ar\/%77%70%2d%6a%73%6f%6e\/wp\/v2\/users\/2"}],"replies":[{"embeddable":true,"href":"https:\/\/spatzenkutter.gob.ar\/%77%70%2d%6a%73%6f%6e\/wp\/v2\/comments?post=2856"}],"version-history":[{"count":1,"href":"https:\/\/spatzenkutter.gob.ar\/%77%70%2d%6a%73%6f%6e\/wp\/v2\/posts\/2856\/revisions"}],"predecessor-version":[{"id":2858,"href":"https:\/\/spatzenkutter.gob.ar\/%77%70%2d%6a%73%6f%6e\/wp\/v2\/posts\/2856\/revisions\/2858"}],"wp:featuredmedia":[{"embeddable":true,"href":"https:\/\/spatzenkutter.gob.ar\/%77%70%2d%6a%73%6f%6e\/wp\/v2\/media\/2857"}],"wp:attachment":[{"href":"https:\/\/spatzenkutter.gob.ar\/%77%70%2d%6a%73%6f%6e\/wp\/v2\/media?parent=2856"}],"wp:term":[{"taxonomy":"category","embeddable":true,"href":"https:\/\/spatzenkutter.gob.ar\/%77%70%2d%6a%73%6f%6e\/wp\/v2\/categories?post=2856"},{"taxonomy":"post_tag","embeddable":true,"href":"https:\/\/spatzenkutter.gob.ar\/%77%70%2d%6a%73%6f%6e\/wp\/v2\/tags?post=2856"}],"curies":[{"name":"wp","href":"https:\/\/api.w.org\/{rel}","templated":true}]}}