{"id":2879,"date":"2026-04-30T23:06:35","date_gmt":"2026-04-30T23:06:35","guid":{"rendered":"https:\/\/spatzenkutter.gob.ar\/?p=2879"},"modified":"2026-04-30T23:06:35","modified_gmt":"2026-04-30T23:06:35","slug":"malvinas-la-causa-que-nos-une-2","status":"publish","type":"post","link":"https:\/\/spatzenkutter.gob.ar\/malvinas-la-causa-que-nos-une-2\/","title":{"rendered":"Malvinas la causa que nos une"},"content":{"rendered":"<p>Con la presencia del Gobernador, Lic. Rogelio Frigerio, el Centro de Veteranos de Malvinas de la ciudad de Paran\u00e1, autoridades, Fuerzas, los sacerdotes Carlos y Emanuel, alumnos, docentes y vecinos; se record\u00f3 un a\u00f1o m\u00e1s a los h\u00e9roes que dieron su vida por la Patria.<\/p>\n<p>&nbsp;<\/p>\n<p>Adem\u00e1s, los alumnos disfrutaron del cl\u00e1sico chocolate de la cocina de campa\u00f1a del Ej\u00e9rcito. Se realiz\u00f3 la entrega de placas recordatorias y recibi\u00f3 la piedra fundamental para ser colocada en el espacio tem\u00e1tico en honor a los H\u00e9roes de Malvinas.<\/p>\n<p>&nbsp;<\/p>\n<p>Tambi\u00e9n qued\u00f3 inaugurada el ancla de la Corbeta ARA Guerrico.<\/p>\n<p>&nbsp;<\/p>\n<p>Gracias a todos los que hicieron posible este hermoso acto conmemorativo que se realiza en nuestra Aldea desde 2017. Gracias a la familia malvinera, al Gobernador y nuestros vecinos.<\/p>\n","protected":false},"excerpt":{"rendered":"<p>Con la presencia del Gobernador, Lic. Rogelio Frigerio, el Centro de Veteranos de Malvinas de la ciudad de Paran\u00e1, autoridades, Fuerzas, los sacerdotes Carlos y Emanuel, alumnos, docentes y vecinos;&hellip;<\/p>\n","protected":false},"author":2,"featured_media":2880,"comment_status":"open","ping_status":"open","sticky":false,"template":"","format":"standard","meta":{"_lmt_disableupdate":"","_lmt_disable":"","footnotes":""},"categories":[10],"tags":[43],"class_list":["post-2879","post","type-post","status-publish","format-standard","has-post-thumbnail","hentry","category-noticias","tag-malvinas"],"_links":{"self":[{"href":"https:\/\/spatzenkutter.gob.ar\/%77%70%2d%6a%73%6f%6e\/wp\/v2\/posts\/2879","targetHints":{"allow":["GET"]}}],"collection":[{"href":"https:\/\/spatzenkutter.gob.ar\/%77%70%2d%6a%73%6f%6e\/wp\/v2\/posts"}],"about":[{"href":"https:\/\/spatzenkutter.gob.ar\/%77%70%2d%6a%73%6f%6e\/wp\/v2\/types\/post"}],"author":[{"embeddable":true,"href":"https:\/\/spatzenkutter.gob.ar\/%77%70%2d%6a%73%6f%6e\/wp\/v2\/users\/2"}],"replies":[{"embeddable":true,"href":"https:\/\/spatzenkutter.gob.ar\/%77%70%2d%6a%73%6f%6e\/wp\/v2\/comments?post=2879"}],"version-history":[{"count":1,"href":"https:\/\/spatzenkutter.gob.ar\/%77%70%2d%6a%73%6f%6e\/wp\/v2\/posts\/2879\/revisions"}],"predecessor-version":[{"id":2881,"href":"https:\/\/spatzenkutter.gob.ar\/%77%70%2d%6a%73%6f%6e\/wp\/v2\/posts\/2879\/revisions\/2881"}],"wp:featuredmedia":[{"embeddable":true,"href":"https:\/\/spatzenkutter.gob.ar\/%77%70%2d%6a%73%6f%6e\/wp\/v2\/media\/2880"}],"wp:attachment":[{"href":"https:\/\/spatzenkutter.gob.ar\/%77%70%2d%6a%73%6f%6e\/wp\/v2\/media?parent=2879"}],"wp:term":[{"taxonomy":"category","embeddable":true,"href":"https:\/\/spatzenkutter.gob.ar\/%77%70%2d%6a%73%6f%6e\/wp\/v2\/categories?post=2879"},{"taxonomy":"post_tag","embeddable":true,"href":"https:\/\/spatzenkutter.gob.ar\/%77%70%2d%6a%73%6f%6e\/wp\/v2\/tags?post=2879"}],"curies":[{"name":"wp","href":"https:\/\/api.w.org\/{rel}","templated":true}]}}