{"id":811,"date":"2022-07-04T22:06:28","date_gmt":"2022-07-04T22:06:28","guid":{"rendered":"https:\/\/spatzenkutter.gob.ar\/?p=811"},"modified":"2022-07-04T22:07:22","modified_gmt":"2022-07-04T22:07:22","slug":"un-mes-especial-esta-en-marcha-en-spatzenkutter","status":"publish","type":"post","link":"https:\/\/spatzenkutter.gob.ar\/un-mes-especial-esta-en-marcha-en-spatzenkutter\/","title":{"rendered":"Un mes especial est\u00e1 en marcha en Spatzenkutter"},"content":{"rendered":"\n<p><strong>La aldea recordar\u00e1 sus 144 a\u00f1os con festejos, recuerdos, historia, presente y futuro \u2022 Anuncios y concreciones para la comunidad.<\/strong><\/p>\n\n\n\n<p><\/p>\n\n\n\n<p>Con diversas actividades la comuna de Aldea Spatzenkutter present\u00f3 la propuesta de actividades para recordar el aniversario N\u00b0 144 de la fundaci\u00f3n de la localidad.<\/p>\n\n\n\n<p>Si bien oficialmente se recuerda al 21 de julio, los antiguos pobladores sosten\u00edan que Aldea Spatzenkutter hab\u00eda sido fundada unos d\u00edas antes, concretamente el 18 de ese mes de 1878, a partir del grupo de inmigrantes que estaba a alojado en el paraje del Juzgado de Paz, y no como el resto, en el campamento de la Chacra N\u00b0 100.<\/p>\n\n\n\n<p>La Comuna local trabaja en revalorizar esa fecha. Confirmaron que del 10 al 31 de julio est\u00e1 prevista la exposici\u00f3n fotogr\u00e1fica \u201cManos labradoras\u201d, cuya autora es la fot\u00f3grafa oriunda de Aldea Salto, Leonor Hasenauer. Se llevar\u00e1 a cabo en la Sala Suksdorf del Museo Nuestras Ra\u00edces Alemanas.<\/p>\n\n\n\n<p>El s\u00e1bado 16 se realizar\u00e1 el encendido de la \u2018Llama de la Esperanza\u2019 en Plaza Libertad, luego de la celebraci\u00f3n de la misa.<\/p>\n\n\n\n<p>El domingo 17 habr\u00e1 un \u2018Paseo de emprendedores\u2019 y feria de platos, recibiendo la llegada del raid de autos hist\u00f3ricos en el predio del museo local.<\/p>\n\n\n\n<p>El lunes 18 de julio ser\u00e1 el d\u00eda de las actividades centrales. A las 9.30 se llevar\u00e1 a cabo el izamiento de la bandera y la bendici\u00f3n en el sitio hist\u00f3rico Escuela de Barbato.<\/p>\n\n\n\n<p>El jueves 21 est\u00e1 prevista la presentaci\u00f3n de \u2018La esperanza del labriego\u2019, realizada ahora en formato \u2018historieta\u2019, para ser distribuida en las escuelas. Ser\u00e1 en el Museo Martiniano Leguizam\u00f3n.<\/p>\n\n\n\n<p>Finalmente, y para cerrar el mes festivo de julio, el 27 se llevar\u00e1 a cabo un conversatorio organizado por la Biblioteca comunal en el museo local. Participar\u00e1n diferentes investigadores de la tem\u00e1tica \u2018Alemanes del Volga\u2019.<\/p>\n\n\n\n<p><\/p>\n\n\n\n<p><\/p>\n\n\n\n<p><strong>Visita de Claudia Gieco<\/strong><\/p>\n\n\n\n<p>Junto a la Senadora Provincial Claudia Gieco, el presidente de la Comuna, Juan Lell, recorri\u00f3 el Primer Cementerio Alem\u00e1n del Volga de Entre R\u00edos, en Aldea Spatzenkutter, lugar que fue declarado por el Senado Sitio hist\u00f3rico de la provincia de Entre R\u00edos. \u201cHistoria, recuerdos, nostalgia. Y orgullo tambi\u00e9n. Todo eso y mucho m\u00e1s significa para nuestra comunidad\u201d, indic\u00f3.<\/p>\n\n\n\n<p>El mismo lunes 4 de junio en la Comuna recibieron 1200 libros a trav\u00e9s del Programa Bibliotecas Rurales Argentinas. Se suman a los m\u00e1s de 1800 ya existentes. De la entrega particip\u00f3 la legisladora.<\/p>\n\n\n\n<p>Por otro lado, aprovechando la visita de Gieco, recorrieron con Lell la Avenida Campo Mar\u00eda, zona este y calle Artigas, donde pronto se realizar\u00e1 la obra de 427 metros de hormig\u00f3n elaborado. Se ejecutar\u00e1 a trav\u00e9s de un convenio de la Comuna de Spatzenkutter y el Ministerio de planeamiento de Entre R\u00edos, a trav\u00e9s del cual el Estado Provincial proveer\u00e1 el hormig\u00f3n elaborado y la Comuna las mallas, pernos de dilataci\u00f3n y mano de obra.<\/p>\n","protected":false},"excerpt":{"rendered":"<p>La aldea recordar\u00e1 sus 144 a\u00f1os con festejos, recuerdos, historia, presente y futuro \u2022 Anuncios y concreciones para la comunidad. Con diversas actividades la comuna de Aldea Spatzenkutter present\u00f3 la&hellip;<\/p>\n","protected":false},"author":2,"featured_media":812,"comment_status":"open","ping_status":"open","sticky":false,"template":"","format":"standard","meta":{"_lmt_disableupdate":"","_lmt_disable":"","footnotes":""},"categories":[1],"tags":[14],"class_list":["post-811","post","type-post","status-publish","format-standard","has-post-thumbnail","hentry","category-sin-categoria","tag-festejos"],"_links":{"self":[{"href":"https:\/\/spatzenkutter.gob.ar\/%77%70%2d%6a%73%6f%6e\/wp\/v2\/posts\/811","targetHints":{"allow":["GET"]}}],"collection":[{"href":"https:\/\/spatzenkutter.gob.ar\/%77%70%2d%6a%73%6f%6e\/wp\/v2\/posts"}],"about":[{"href":"https:\/\/spatzenkutter.gob.ar\/%77%70%2d%6a%73%6f%6e\/wp\/v2\/types\/post"}],"author":[{"embeddable":true,"href":"https:\/\/spatzenkutter.gob.ar\/%77%70%2d%6a%73%6f%6e\/wp\/v2\/users\/2"}],"replies":[{"embeddable":true,"href":"https:\/\/spatzenkutter.gob.ar\/%77%70%2d%6a%73%6f%6e\/wp\/v2\/comments?post=811"}],"version-history":[{"count":2,"href":"https:\/\/spatzenkutter.gob.ar\/%77%70%2d%6a%73%6f%6e\/wp\/v2\/posts\/811\/revisions"}],"predecessor-version":[{"id":814,"href":"https:\/\/spatzenkutter.gob.ar\/%77%70%2d%6a%73%6f%6e\/wp\/v2\/posts\/811\/revisions\/814"}],"wp:featuredmedia":[{"embeddable":true,"href":"https:\/\/spatzenkutter.gob.ar\/%77%70%2d%6a%73%6f%6e\/wp\/v2\/media\/812"}],"wp:attachment":[{"href":"https:\/\/spatzenkutter.gob.ar\/%77%70%2d%6a%73%6f%6e\/wp\/v2\/media?parent=811"}],"wp:term":[{"taxonomy":"category","embeddable":true,"href":"https:\/\/spatzenkutter.gob.ar\/%77%70%2d%6a%73%6f%6e\/wp\/v2\/categories?post=811"},{"taxonomy":"post_tag","embeddable":true,"href":"https:\/\/spatzenkutter.gob.ar\/%77%70%2d%6a%73%6f%6e\/wp\/v2\/tags?post=811"}],"curies":[{"name":"wp","href":"https:\/\/api.w.org\/{rel}","templated":true}]}}