{"id":815,"date":"2022-07-06T13:27:45","date_gmt":"2022-07-06T13:27:45","guid":{"rendered":"https:\/\/spatzenkutter.gob.ar\/?p=815"},"modified":"2022-07-06T13:27:46","modified_gmt":"2022-07-06T13:27:46","slug":"buenos-caminos-para-la-produccion-y-la-comunicacion-de-comunidades","status":"publish","type":"post","link":"https:\/\/spatzenkutter.gob.ar\/buenos-caminos-para-la-produccion-y-la-comunicacion-de-comunidades\/","title":{"rendered":"Buenos caminos para la producci\u00f3n y la comunicaci\u00f3n de comunidades"},"content":{"rendered":"\n<p><strong>Se llevan a cabo trabajos de abovedado y embrozado en la zona rural de Aldea Spatzenkutter.<\/strong><\/p>\n\n\n\n<p>Esta obra, de suma importancia, comunicar\u00e1 por primera vez a la comunidad con Aldea Salto y Grapschental. Son tres pueblos que quedar\u00e1n unidos a trav\u00e9s de este embrozado.<\/p>\n\n\n\n<p>Agradecemos a la directora Alicia Ben\u00edtez y el encargado de la Zonal Vl Diamante de Vialidad, Daniel Ruhl, y a Canteras del Paran\u00e1, que transporta el material calc\u00e1reo.<\/p>\n\n\n\n<p>La broza fue adquirida por nuestra Comuna, entendiendo la importancia de estos trabajos para seguir avanzando d\u00eda a d\u00eda, beneficiando a vecinos que residen en zonas rurales y favoreciendo a toda la producci\u00f3n de la zona, adem\u00e1s de unir pueblos.<\/p>\n","protected":false},"excerpt":{"rendered":"<p>Se llevan a cabo trabajos de abovedado y embrozado en la zona rural de Aldea Spatzenkutter. Esta obra, de suma importancia, comunicar\u00e1 por primera vez a la comunidad con Aldea&hellip;<\/p>\n","protected":false},"author":2,"featured_media":816,"comment_status":"open","ping_status":"open","sticky":false,"template":"","format":"standard","meta":{"_lmt_disableupdate":"","_lmt_disable":"","footnotes":""},"categories":[1],"tags":[],"class_list":["post-815","post","type-post","status-publish","format-standard","has-post-thumbnail","hentry","category-sin-categoria"],"_links":{"self":[{"href":"https:\/\/spatzenkutter.gob.ar\/%77%70%2d%6a%73%6f%6e\/wp\/v2\/posts\/815","targetHints":{"allow":["GET"]}}],"collection":[{"href":"https:\/\/spatzenkutter.gob.ar\/%77%70%2d%6a%73%6f%6e\/wp\/v2\/posts"}],"about":[{"href":"https:\/\/spatzenkutter.gob.ar\/%77%70%2d%6a%73%6f%6e\/wp\/v2\/types\/post"}],"author":[{"embeddable":true,"href":"https:\/\/spatzenkutter.gob.ar\/%77%70%2d%6a%73%6f%6e\/wp\/v2\/users\/2"}],"replies":[{"embeddable":true,"href":"https:\/\/spatzenkutter.gob.ar\/%77%70%2d%6a%73%6f%6e\/wp\/v2\/comments?post=815"}],"version-history":[{"count":1,"href":"https:\/\/spatzenkutter.gob.ar\/%77%70%2d%6a%73%6f%6e\/wp\/v2\/posts\/815\/revisions"}],"predecessor-version":[{"id":817,"href":"https:\/\/spatzenkutter.gob.ar\/%77%70%2d%6a%73%6f%6e\/wp\/v2\/posts\/815\/revisions\/817"}],"wp:featuredmedia":[{"embeddable":true,"href":"https:\/\/spatzenkutter.gob.ar\/%77%70%2d%6a%73%6f%6e\/wp\/v2\/media\/816"}],"wp:attachment":[{"href":"https:\/\/spatzenkutter.gob.ar\/%77%70%2d%6a%73%6f%6e\/wp\/v2\/media?parent=815"}],"wp:term":[{"taxonomy":"category","embeddable":true,"href":"https:\/\/spatzenkutter.gob.ar\/%77%70%2d%6a%73%6f%6e\/wp\/v2\/categories?post=815"},{"taxonomy":"post_tag","embeddable":true,"href":"https:\/\/spatzenkutter.gob.ar\/%77%70%2d%6a%73%6f%6e\/wp\/v2\/tags?post=815"}],"curies":[{"name":"wp","href":"https:\/\/api.w.org\/{rel}","templated":true}]}}