{"id":819,"date":"2022-07-07T19:48:44","date_gmt":"2022-07-07T19:48:44","guid":{"rendered":"https:\/\/spatzenkutter.gob.ar\/?p=819"},"modified":"2022-07-07T19:48:45","modified_gmt":"2022-07-07T19:48:45","slug":"spatzenkutter-no-descansa","status":"publish","type":"post","link":"https:\/\/spatzenkutter.gob.ar\/spatzenkutter-no-descansa\/","title":{"rendered":"Spatzenkutter no descansa"},"content":{"rendered":"\n<p><strong>Importantes obras y mejoras se desarrollaron en el transcurso de los \u00faltimos d\u00edas.<\/strong><\/p>\n\n\n\n<p><\/p>\n\n\n\n<p>La Comuna confirm\u00f3 la finalizaci\u00f3n de la construcci\u00f3n de la Garita en Barrio sur de Spatzenkutter, sobre ruta 11, acceso a Grapchental. Fue financiada por la Comuna y realizada por su personal.<\/p>\n\n\n\n<p>\u201cEs una obra muy anhelada por vecinos de este hermoso barrio. Seguimos cumpliendo objetivos y sumando obras todos los d\u00edas, buscando beneficios reales y mostrando hechos reales y concretos\u201d, indic\u00f3 el jefe comunal, Juan Lell.<\/p>\n\n\n\n<p>Por otro lado, destac\u00f3 los trabajos de abovedado y nivelado en zona rural, ejido Spatzenkutter, direcci\u00f3n norte-sur en toda su extensi\u00f3n, desde el l\u00edmite de Aldea Salto hasta el l\u00edmite con Valle Mar\u00eda.<\/p>\n\n\n\n<p>Se hizo disqueado y posterior nivelado. \u201cSon trabajos realizados a conciencia. Agradecemos a la DPV Zonal Vl Diamante, por acompa\u00f1ar permanentemente nuestras gestiones. Gracias Daniel Ruhl, Jefe Zonal, trabajando en cada punto del Departamento Diamante. Seguimos mejorando &nbsp;caminos productivos, d\u00eda a d\u00eda, trabajando por nuestros vecinos\u201d, agreg\u00f3<\/p>\n\n\n\n<p><strong>\u00a1Viva la patria!<\/strong><\/p>\n\n\n\n<p>Se realiz\u00f3 este jueves en la Escuela N\u00ba6 Ant\u00e1rtida Argentina el acto con motivo del D\u00eda de la Independencia de nuestro pa\u00eds. Desde la Comuna acompa\u00f1aron a docentes y alumnos, chocolate calentito de por medio.<\/p>\n","protected":false},"excerpt":{"rendered":"<p>Importantes obras y mejoras se desarrollaron en el transcurso de los \u00faltimos d\u00edas. La Comuna confirm\u00f3 la finalizaci\u00f3n de la construcci\u00f3n de la Garita en Barrio sur de Spatzenkutter, sobre&hellip;<\/p>\n","protected":false},"author":2,"featured_media":820,"comment_status":"open","ping_status":"open","sticky":false,"template":"","format":"standard","meta":{"_lmt_disableupdate":"","_lmt_disable":"","footnotes":""},"categories":[1],"tags":[],"class_list":["post-819","post","type-post","status-publish","format-standard","has-post-thumbnail","hentry","category-sin-categoria"],"_links":{"self":[{"href":"https:\/\/spatzenkutter.gob.ar\/%77%70%2d%6a%73%6f%6e\/wp\/v2\/posts\/819","targetHints":{"allow":["GET"]}}],"collection":[{"href":"https:\/\/spatzenkutter.gob.ar\/%77%70%2d%6a%73%6f%6e\/wp\/v2\/posts"}],"about":[{"href":"https:\/\/spatzenkutter.gob.ar\/%77%70%2d%6a%73%6f%6e\/wp\/v2\/types\/post"}],"author":[{"embeddable":true,"href":"https:\/\/spatzenkutter.gob.ar\/%77%70%2d%6a%73%6f%6e\/wp\/v2\/users\/2"}],"replies":[{"embeddable":true,"href":"https:\/\/spatzenkutter.gob.ar\/%77%70%2d%6a%73%6f%6e\/wp\/v2\/comments?post=819"}],"version-history":[{"count":1,"href":"https:\/\/spatzenkutter.gob.ar\/%77%70%2d%6a%73%6f%6e\/wp\/v2\/posts\/819\/revisions"}],"predecessor-version":[{"id":821,"href":"https:\/\/spatzenkutter.gob.ar\/%77%70%2d%6a%73%6f%6e\/wp\/v2\/posts\/819\/revisions\/821"}],"wp:featuredmedia":[{"embeddable":true,"href":"https:\/\/spatzenkutter.gob.ar\/%77%70%2d%6a%73%6f%6e\/wp\/v2\/media\/820"}],"wp:attachment":[{"href":"https:\/\/spatzenkutter.gob.ar\/%77%70%2d%6a%73%6f%6e\/wp\/v2\/media?parent=819"}],"wp:term":[{"taxonomy":"category","embeddable":true,"href":"https:\/\/spatzenkutter.gob.ar\/%77%70%2d%6a%73%6f%6e\/wp\/v2\/categories?post=819"},{"taxonomy":"post_tag","embeddable":true,"href":"https:\/\/spatzenkutter.gob.ar\/%77%70%2d%6a%73%6f%6e\/wp\/v2\/tags?post=819"}],"curies":[{"name":"wp","href":"https:\/\/api.w.org\/{rel}","templated":true}]}}