{"id":822,"date":"2022-07-08T12:58:29","date_gmt":"2022-07-08T12:58:29","guid":{"rendered":"https:\/\/spatzenkutter.gob.ar\/?p=822"},"modified":"2022-07-08T12:58:30","modified_gmt":"2022-07-08T12:58:30","slug":"teatro-para-celebrar","status":"publish","type":"post","link":"https:\/\/spatzenkutter.gob.ar\/teatro-para-celebrar\/","title":{"rendered":"Teatro para celebrar"},"content":{"rendered":"\n<p><strong>El domingo 31 de julio, como cierre de las actividades del mes en el marco del 144\u00ba aniversario de la aldea, se presentar\u00e1 una obra de teatro denominada \u00bfPor qu\u00e9 estamos ac\u00e1?, cuyo autor y director es Lucas Kapp, acompa\u00f1ado por un gran elenco. <\/strong><\/p>\n\n\n\n<p><\/p>\n\n\n\n<p>Adem\u00e1s de \u00e9l mismo, actuar\u00e1n los crespenses Norma Britos, Jessica Exner y Micaela Isaac Ojeda; y de General Ram\u00edrez Enzo Schmidt y Jos\u00e9 Prinsich.<\/p>\n\n\n\n<p>Cinco personas est\u00e1n purgando sus penas e intentando saber por qu\u00e9 terminaron ah\u00ed\u2026, hasta qu\u00e9 aparece el sexto personaje para darles respuestas a todos, con un final impactante. Es una comedia divertida, con suspenso, tintes de drama y momentos de reflexi\u00f3n. La duraci\u00f3n es de aproximadamente una hora.<\/p>\n\n\n\n<p>La Comuna hace la invitaci\u00f3n informando que la presentaci\u00f3n ser\u00e1 en el Sal\u00f3n Comunal con entrada libre y gratuita, a partir de las 18.00. El objetivo es que la comunidad pueda disfrutar de una tarde cultural, en familia y con el mate.<\/p>\n","protected":false},"excerpt":{"rendered":"<p>El domingo 31 de julio, como cierre de las actividades del mes en el marco del 144\u00ba aniversario de la aldea, se presentar\u00e1 una obra de teatro denominada \u00bfPor qu\u00e9&hellip;<\/p>\n","protected":false},"author":2,"featured_media":823,"comment_status":"open","ping_status":"open","sticky":false,"template":"","format":"standard","meta":{"_lmt_disableupdate":"","_lmt_disable":"","footnotes":""},"categories":[1],"tags":[],"class_list":["post-822","post","type-post","status-publish","format-standard","has-post-thumbnail","hentry","category-sin-categoria"],"_links":{"self":[{"href":"https:\/\/spatzenkutter.gob.ar\/%77%70%2d%6a%73%6f%6e\/wp\/v2\/posts\/822","targetHints":{"allow":["GET"]}}],"collection":[{"href":"https:\/\/spatzenkutter.gob.ar\/%77%70%2d%6a%73%6f%6e\/wp\/v2\/posts"}],"about":[{"href":"https:\/\/spatzenkutter.gob.ar\/%77%70%2d%6a%73%6f%6e\/wp\/v2\/types\/post"}],"author":[{"embeddable":true,"href":"https:\/\/spatzenkutter.gob.ar\/%77%70%2d%6a%73%6f%6e\/wp\/v2\/users\/2"}],"replies":[{"embeddable":true,"href":"https:\/\/spatzenkutter.gob.ar\/%77%70%2d%6a%73%6f%6e\/wp\/v2\/comments?post=822"}],"version-history":[{"count":1,"href":"https:\/\/spatzenkutter.gob.ar\/%77%70%2d%6a%73%6f%6e\/wp\/v2\/posts\/822\/revisions"}],"predecessor-version":[{"id":824,"href":"https:\/\/spatzenkutter.gob.ar\/%77%70%2d%6a%73%6f%6e\/wp\/v2\/posts\/822\/revisions\/824"}],"wp:featuredmedia":[{"embeddable":true,"href":"https:\/\/spatzenkutter.gob.ar\/%77%70%2d%6a%73%6f%6e\/wp\/v2\/media\/823"}],"wp:attachment":[{"href":"https:\/\/spatzenkutter.gob.ar\/%77%70%2d%6a%73%6f%6e\/wp\/v2\/media?parent=822"}],"wp:term":[{"taxonomy":"category","embeddable":true,"href":"https:\/\/spatzenkutter.gob.ar\/%77%70%2d%6a%73%6f%6e\/wp\/v2\/categories?post=822"},{"taxonomy":"post_tag","embeddable":true,"href":"https:\/\/spatzenkutter.gob.ar\/%77%70%2d%6a%73%6f%6e\/wp\/v2\/tags?post=822"}],"curies":[{"name":"wp","href":"https:\/\/api.w.org\/{rel}","templated":true}]}}