{"id":826,"date":"2022-07-18T13:51:53","date_gmt":"2022-07-18T13:51:53","guid":{"rendered":"https:\/\/spatzenkutter.gob.ar\/?p=826"},"modified":"2022-07-18T13:51:54","modified_gmt":"2022-07-18T13:51:54","slug":"siguen-los-festejos-en-spatzenkutter","status":"publish","type":"post","link":"https:\/\/spatzenkutter.gob.ar\/siguen-los-festejos-en-spatzenkutter\/","title":{"rendered":"Siguen los festejos en Spatzenkutter"},"content":{"rendered":"\n<p>Lo que pas\u00f3 y lo que se viene. <\/p>\n\n\n\n<p>El domingo 31 de julio, como cierre de las actividades del mes en el marco del 144\u00ba aniversario de la aldea, se presentar\u00e1 una obra de teatro denominada \u00bfPor qu\u00e9 estamos ac\u00e1?, cuyo autor y director es Lucas Kapp, acompa\u00f1ado por un gran elenco. Adem\u00e1s de \u00e9l mismo, actuar\u00e1n los crespenses Norma Britos, Jessica Exner y Micaela Isaac Ojeda; y de General Ram\u00edrez Enzo Schmidt y Jos\u00e9 Prinsich.<\/p>\n\n\n\n<p>La Comuna hace la invitaci\u00f3n informando que la presentaci\u00f3n ser\u00e1 en el Sal\u00f3n Comunal con entrada libre y gratuita, a partir de las 18.00. El objetivo es que la comunidad pueda disfrutar de una tarde cultural, en familia y con el mate.<\/p>\n\n\n\n<p>Cinco personas est\u00e1n purgando sus penas e intentando saber por qu\u00e9 terminaron ah\u00ed\u2026, hasta qu\u00e9 aparece el sexto personaje para darles respuestas a todos, con un final impactante. Es una comedia divertida, con suspenso, tintes de drama y momentos de reflexi\u00f3n. La duraci\u00f3n es de aproximadamente una hora.<\/p>\n\n\n\n<p>Si bien oficialmente se recuerda al 21 de julio, los antiguos pobladores sosten\u00edan que Aldea Spatzenkutter hab\u00eda sido fundada unos d\u00edas antes, el 18 de ese mes de 1878, a partir del grupo de inmigrantes que estaba a alojado en el paraje del Juzgado de Paz, y no como el resto, en el campamento de la Chacra N\u00b0 100.<\/p>\n\n\n\n<p>Este lunes 18 de julio es el d\u00eda de las actividades centrales. En el inicio, a las 8.30 hubo una Sesi\u00f3n Extraordinaria del Consejo Comunal. Luego, a partir de las 9.30 se llev\u00f3 a cabo el izamiento de la bandera y la bendici\u00f3n en el sitio hist\u00f3rico Escuela de Barbato.<\/p>\n\n\n\n<p>La Comuna local trabaj\u00f3 en revalorizar esa fecha. Y hasta el 31 de julio est\u00e1 prevista la continuidad, por ejemplo, de la exposici\u00f3n fotogr\u00e1fica \u201cManos labradoras\u201d, cuya autora es la fot\u00f3grafa oriunda de Aldea Salto, Leonor Hasenauer. Se lleva a cabo en la Sala Suksdorf del Museo Nuestras Ra\u00edces Alemanas.<\/p>\n\n\n\n<p>El 27, adem\u00e1s, se llevar\u00e1 a cabo un conversatorio organizado por la Biblioteca comunal en el museo local. Participar\u00e1n diferentes investigadores de la tem\u00e1tica \u2018Alemanes del Volga\u2019.<\/p>\n","protected":false},"excerpt":{"rendered":"<p>Lo que pas\u00f3 y lo que se viene. El domingo 31 de julio, como cierre de las actividades del mes en el marco del 144\u00ba aniversario de la aldea, se&hellip;<\/p>\n","protected":false},"author":2,"featured_media":827,"comment_status":"open","ping_status":"open","sticky":false,"template":"","format":"standard","meta":{"_lmt_disableupdate":"","_lmt_disable":"","footnotes":""},"categories":[1],"tags":[],"class_list":["post-826","post","type-post","status-publish","format-standard","has-post-thumbnail","hentry","category-sin-categoria"],"_links":{"self":[{"href":"https:\/\/spatzenkutter.gob.ar\/%77%70%2d%6a%73%6f%6e\/wp\/v2\/posts\/826","targetHints":{"allow":["GET"]}}],"collection":[{"href":"https:\/\/spatzenkutter.gob.ar\/%77%70%2d%6a%73%6f%6e\/wp\/v2\/posts"}],"about":[{"href":"https:\/\/spatzenkutter.gob.ar\/%77%70%2d%6a%73%6f%6e\/wp\/v2\/types\/post"}],"author":[{"embeddable":true,"href":"https:\/\/spatzenkutter.gob.ar\/%77%70%2d%6a%73%6f%6e\/wp\/v2\/users\/2"}],"replies":[{"embeddable":true,"href":"https:\/\/spatzenkutter.gob.ar\/%77%70%2d%6a%73%6f%6e\/wp\/v2\/comments?post=826"}],"version-history":[{"count":1,"href":"https:\/\/spatzenkutter.gob.ar\/%77%70%2d%6a%73%6f%6e\/wp\/v2\/posts\/826\/revisions"}],"predecessor-version":[{"id":828,"href":"https:\/\/spatzenkutter.gob.ar\/%77%70%2d%6a%73%6f%6e\/wp\/v2\/posts\/826\/revisions\/828"}],"wp:featuredmedia":[{"embeddable":true,"href":"https:\/\/spatzenkutter.gob.ar\/%77%70%2d%6a%73%6f%6e\/wp\/v2\/media\/827"}],"wp:attachment":[{"href":"https:\/\/spatzenkutter.gob.ar\/%77%70%2d%6a%73%6f%6e\/wp\/v2\/media?parent=826"}],"wp:term":[{"taxonomy":"category","embeddable":true,"href":"https:\/\/spatzenkutter.gob.ar\/%77%70%2d%6a%73%6f%6e\/wp\/v2\/categories?post=826"},{"taxonomy":"post_tag","embeddable":true,"href":"https:\/\/spatzenkutter.gob.ar\/%77%70%2d%6a%73%6f%6e\/wp\/v2\/tags?post=826"}],"curies":[{"name":"wp","href":"https:\/\/api.w.org\/{rel}","templated":true}]}}