{"id":832,"date":"2022-07-21T19:52:40","date_gmt":"2022-07-21T19:52:40","guid":{"rendered":"https:\/\/spatzenkutter.gob.ar\/?p=832"},"modified":"2022-07-21T19:52:40","modified_gmt":"2022-07-21T19:52:40","slug":"en-parana-mostraran-la-historia-de-spatzenkutter-en-formato-comic","status":"publish","type":"post","link":"https:\/\/spatzenkutter.gob.ar\/en-parana-mostraran-la-historia-de-spatzenkutter-en-formato-comic\/","title":{"rendered":"En Paran\u00e1 mostrar\u00e1n la historia de Spatzenkutter en formato comic"},"content":{"rendered":"\n<p><strong>La in\u00e9dita iniciativa tendr\u00e1 desarrollo en el Museo Provincial Martiniano Leguizam\u00f3n \u2022 Detalles de la propuesta que busca atraer a la lectura a ni\u00f1os y j\u00f3venes con un formato atractivo y llevadero, para honrar a los antepasados.<\/strong><\/p>\n\n\n\n<p><\/p>\n\n\n\n<p>El jueves 28 de julio en el Museo Provincial Martiniano Leguizam\u00f3n de Paran\u00e1 se realizar\u00e1 la presentaci\u00f3n de una publicaci\u00f3n en formato comic, producida por la Comuna de Aldea Spatzenkutter, para&nbsp; difundir la historia de la localidad.<\/p>\n\n\n\n<p>Se trata de un trabajo realizado por el dibujante crespense V\u00edktor Sack, con guion de Fabricio Ceballos, a partir de una serie de audiovisuales que reflejan la vida de la localidad y las dem\u00e1s aldeas, desde su fundaci\u00f3n hasta d\u00e9cadas muy pr\u00f3ximas a la actualidad.<\/p>\n\n\n\n<p>Es un primer trabajo, in\u00e9dito en este tipo, que constituir\u00e1 un puntapi\u00e9 para otras piezas art\u00edsticas similares, capaces de llegar a la lectura de ni\u00f1os y j\u00f3venes por tratarse de un formato atractivo y llevadero.<\/p>\n\n\n\n<p>El presidente comunal Juan Lell dijo que \u201cEs deber de todos nosotros rescatar aquellos recursos o testimonios an\u00f3nimos para que puedan ser valorados por las generaciones futuras. Las tecnolog\u00edas y recursos actuales favorecen estas acciones. Nuestra Comuna, consiente del valor que estos materiales suponen, hace el esfuerzo para producir estos trabajos, para que a La esperanza del Labriego en sus versiones audiovisuales se sume este material impreso de f\u00e1cil y entretenida lectura, que con alegr\u00eda y orgullo deseamos hacer llegar para que quede en cada biblioteca, tanto \u00e1ulica como familiar\u201d.<\/p>\n\n\n\n<p>\u201cEs la forma m\u00e1s concreta de honrar a aquellos labriegos Alemanes del Volga que dieron origen a estas incipientes aldeas\u201d, opin\u00f3, agradeciendo la posibilidad otorgada al Director del Museo, Rub\u00e9n Clavenzani, dependiente de la Secretar\u00eda de Cultura de Entre R\u00edos. &nbsp;<\/p>\n","protected":false},"excerpt":{"rendered":"<p>La in\u00e9dita iniciativa tendr\u00e1 desarrollo en el Museo Provincial Martiniano Leguizam\u00f3n \u2022 Detalles de la propuesta que busca atraer a la lectura a ni\u00f1os y j\u00f3venes con un formato atractivo&hellip;<\/p>\n","protected":false},"author":2,"featured_media":833,"comment_status":"open","ping_status":"open","sticky":false,"template":"","format":"standard","meta":{"_lmt_disableupdate":"","_lmt_disable":"","footnotes":""},"categories":[1],"tags":[],"class_list":["post-832","post","type-post","status-publish","format-standard","has-post-thumbnail","hentry","category-sin-categoria"],"_links":{"self":[{"href":"https:\/\/spatzenkutter.gob.ar\/%77%70%2d%6a%73%6f%6e\/wp\/v2\/posts\/832","targetHints":{"allow":["GET"]}}],"collection":[{"href":"https:\/\/spatzenkutter.gob.ar\/%77%70%2d%6a%73%6f%6e\/wp\/v2\/posts"}],"about":[{"href":"https:\/\/spatzenkutter.gob.ar\/%77%70%2d%6a%73%6f%6e\/wp\/v2\/types\/post"}],"author":[{"embeddable":true,"href":"https:\/\/spatzenkutter.gob.ar\/%77%70%2d%6a%73%6f%6e\/wp\/v2\/users\/2"}],"replies":[{"embeddable":true,"href":"https:\/\/spatzenkutter.gob.ar\/%77%70%2d%6a%73%6f%6e\/wp\/v2\/comments?post=832"}],"version-history":[{"count":1,"href":"https:\/\/spatzenkutter.gob.ar\/%77%70%2d%6a%73%6f%6e\/wp\/v2\/posts\/832\/revisions"}],"predecessor-version":[{"id":834,"href":"https:\/\/spatzenkutter.gob.ar\/%77%70%2d%6a%73%6f%6e\/wp\/v2\/posts\/832\/revisions\/834"}],"wp:featuredmedia":[{"embeddable":true,"href":"https:\/\/spatzenkutter.gob.ar\/%77%70%2d%6a%73%6f%6e\/wp\/v2\/media\/833"}],"wp:attachment":[{"href":"https:\/\/spatzenkutter.gob.ar\/%77%70%2d%6a%73%6f%6e\/wp\/v2\/media?parent=832"}],"wp:term":[{"taxonomy":"category","embeddable":true,"href":"https:\/\/spatzenkutter.gob.ar\/%77%70%2d%6a%73%6f%6e\/wp\/v2\/categories?post=832"},{"taxonomy":"post_tag","embeddable":true,"href":"https:\/\/spatzenkutter.gob.ar\/%77%70%2d%6a%73%6f%6e\/wp\/v2\/tags?post=832"}],"curies":[{"name":"wp","href":"https:\/\/api.w.org\/{rel}","templated":true}]}}