{"id":836,"date":"2022-07-27T22:14:38","date_gmt":"2022-07-27T22:14:38","guid":{"rendered":"https:\/\/spatzenkutter.gob.ar\/?p=836"},"modified":"2022-07-27T22:14:43","modified_gmt":"2022-07-27T22:14:43","slug":"spatzenkutter-tuvo-un-encuentro-con-la-historia","status":"publish","type":"post","link":"https:\/\/spatzenkutter.gob.ar\/spatzenkutter-tuvo-un-encuentro-con-la-historia\/","title":{"rendered":"Spatzenkutter tuvo un encuentro con la historia"},"content":{"rendered":"\n<p><strong>Reconocidos escritores e historiadores de la provincia se congregaron para compartir saberes con alumnos de nivel medio.<\/strong><\/p>\n\n\n\n<p><\/p>\n\n\n\n<p>En el Sal\u00f3n Cubierto de la Escuela Secundaria Juan L. Ort\u00edz, el mi\u00e9rcoles 27 de julio a las 15.30 los alumnos del nivel secundario compartieron una actividad con disertantes convocados especialmente para la ocasi\u00f3n. El objetivo fue recordar la historia, aprender sobre los Alemanes del Volga y entender m\u00e1s sobre el pasado. La invitaci\u00f3n fue abierta a todo p\u00fablico, extendi\u00e9ndose a la comunidad.<\/p>\n\n\n\n<p>Todo ocurri\u00f3 en el marco de las propuestas que la Comuna viene desarrollando para celebrar su aniversario. Si bien oficialmente se recuerda al 21 de julio, los antiguos pobladores sosten\u00edan que Aldea Spatzenkutter hab\u00eda sido fundada unos d\u00edas antes, el 18 de ese mes de 1878, a partir del grupo de inmigrantes que estaba a alojado en el paraje del Juzgado de Paz, y no como el resto, en el campamento de la Chacra N\u00b0 100.<\/p>\n\n\n\n<p>El lunes 18 de julio fue el d\u00eda de las actividades centrales, pero las actividades contin\u00faan. En esta ocasi\u00f3n estuvieron los siguientes escritores e historiadores: Orlando Britos, Yolanda Gassman, Noni Medel, Ignacio Getti, Celso Unrein, Dar\u00edo Wendler, Luis Jacobi, Eugenio Gebhart y Schieguel Huck. Fue una tarde entretenida, cargada de historias narradas por los invitados.<\/p>\n\n\n\n<p>\u201cAgradecemos a Karina Godoy Re, quien organiz\u00f3 de manera impecable este evento cultural, a los disertantes, a la Rectora Norma Grin\u00f3vero, a los alumnos y vecinos que presenciaron este encuentro entre historiadores. Un pueblo que no recuerda su pasado no sabe ad\u00f3nde va, ya que ignora de d\u00f3nde viene. Apostamos al presente, creemos en el futuro, pero tambi\u00e9n valoramos nuestro pasado y sus grandes actores\u201d, indicaron desde la Comuna.<\/p>\n","protected":false},"excerpt":{"rendered":"<p>Reconocidos escritores e historiadores de la provincia se congregaron para compartir saberes con alumnos de nivel medio. En el Sal\u00f3n Cubierto de la Escuela Secundaria Juan L. Ort\u00edz, el mi\u00e9rcoles&hellip;<\/p>\n","protected":false},"author":2,"featured_media":837,"comment_status":"open","ping_status":"open","sticky":false,"template":"","format":"standard","meta":{"_lmt_disableupdate":"","_lmt_disable":"","footnotes":""},"categories":[1],"tags":[],"class_list":["post-836","post","type-post","status-publish","format-standard","has-post-thumbnail","hentry","category-sin-categoria"],"_links":{"self":[{"href":"https:\/\/spatzenkutter.gob.ar\/%77%70%2d%6a%73%6f%6e\/wp\/v2\/posts\/836","targetHints":{"allow":["GET"]}}],"collection":[{"href":"https:\/\/spatzenkutter.gob.ar\/%77%70%2d%6a%73%6f%6e\/wp\/v2\/posts"}],"about":[{"href":"https:\/\/spatzenkutter.gob.ar\/%77%70%2d%6a%73%6f%6e\/wp\/v2\/types\/post"}],"author":[{"embeddable":true,"href":"https:\/\/spatzenkutter.gob.ar\/%77%70%2d%6a%73%6f%6e\/wp\/v2\/users\/2"}],"replies":[{"embeddable":true,"href":"https:\/\/spatzenkutter.gob.ar\/%77%70%2d%6a%73%6f%6e\/wp\/v2\/comments?post=836"}],"version-history":[{"count":1,"href":"https:\/\/spatzenkutter.gob.ar\/%77%70%2d%6a%73%6f%6e\/wp\/v2\/posts\/836\/revisions"}],"predecessor-version":[{"id":838,"href":"https:\/\/spatzenkutter.gob.ar\/%77%70%2d%6a%73%6f%6e\/wp\/v2\/posts\/836\/revisions\/838"}],"wp:featuredmedia":[{"embeddable":true,"href":"https:\/\/spatzenkutter.gob.ar\/%77%70%2d%6a%73%6f%6e\/wp\/v2\/media\/837"}],"wp:attachment":[{"href":"https:\/\/spatzenkutter.gob.ar\/%77%70%2d%6a%73%6f%6e\/wp\/v2\/media?parent=836"}],"wp:term":[{"taxonomy":"category","embeddable":true,"href":"https:\/\/spatzenkutter.gob.ar\/%77%70%2d%6a%73%6f%6e\/wp\/v2\/categories?post=836"},{"taxonomy":"post_tag","embeddable":true,"href":"https:\/\/spatzenkutter.gob.ar\/%77%70%2d%6a%73%6f%6e\/wp\/v2\/tags?post=836"}],"curies":[{"name":"wp","href":"https:\/\/api.w.org\/{rel}","templated":true}]}}