{"id":839,"date":"2022-07-29T00:34:17","date_gmt":"2022-07-29T00:34:17","guid":{"rendered":"https:\/\/spatzenkutter.gob.ar\/?p=839"},"modified":"2022-08-04T06:21:50","modified_gmt":"2022-08-04T06:21:50","slug":"dia-historico-para-aldea-spatzenkutter","status":"publish","type":"post","link":"https:\/\/spatzenkutter.gob.ar\/dia-historico-para-aldea-spatzenkutter\/","title":{"rendered":"D\u00eda hist\u00f3rico para Aldea Spatzenkutter"},"content":{"rendered":"\r\n<p><strong>Este jueves la Comuna de Aldea Spatzenkutter present\u00f3 \u201cLa Esperanza del Labriego\u201d en comic impreso. Cuenta la historia de la llegada de nuestros antepasados desde el Volga en 1878.<\/strong><\/p>\r\n\r\n\r\n\r\n<p>&nbsp;<\/p>\r\n\r\n\r\n\r\n<p>La presentaci\u00f3n se realiz\u00f3 en el Auditorio del Museo Provincial Martiniano Leguizam\u00f3n. Es un hecho hist\u00f3rico. \u201cNos sentimos muy honrados de haber podido realizar un nuevo evento en memoria del 144\u00ba Aniversario de las 5 Aldeas Madres en uno de los museos m\u00e1s importantes de la Provincia de Entre R\u00edos\u201d, indicaron desde la Comuna<\/p>\r\n\r\n\r\n\r\n<p>Y agradecieron \u201cAl gran anfitri\u00f3n, el Director Rub\u00e9n Clavenzani; a la Senadora Claudia Gieco, quien declar\u00f3 \u2018De inter\u00e9s cultural\u2019 la presentaci\u00f3n, a Fabi\u00e1n Deiloff, Secretario de Cultura de la Comuna de Aldea Spatzenkutter, por su impecable e incasable labor; a Fabricio Ceballos, quien diagram\u00f3 todo este trabajo de manera s\u00faper profesional, como siempre lo hace. Tambi\u00e9n a Juan Carlos Schieguel Huck, historiador y defensor de nuestras ra\u00edces; a las actrices y actores de este hermoso cuento narrado en dibujos, los que fueron realizados por el artista Viktor Sack. Extendemos el agradecimiento a la Municipalidad de Valle Mar\u00eda, a todos los invitados y vecinos de Paran\u00e1. Muchas gracias de todo coraz\u00f3n\u201d.<\/p>\r\n","protected":false},"excerpt":{"rendered":"<p>Este jueves la Comuna de Aldea Spatzenkutter present\u00f3 \u201cLa Esperanza del Labriego\u201d en comic impreso. Cuenta la historia de la llegada de nuestros antepasados desde el Volga en 1878. &nbsp;&hellip;<\/p>\n","protected":false},"author":2,"featured_media":905,"comment_status":"open","ping_status":"open","sticky":false,"template":"","format":"standard","meta":{"_lmt_disableupdate":"","_lmt_disable":"","footnotes":""},"categories":[1],"tags":[],"class_list":["post-839","post","type-post","status-publish","format-standard","has-post-thumbnail","hentry","category-sin-categoria"],"_links":{"self":[{"href":"https:\/\/spatzenkutter.gob.ar\/%77%70%2d%6a%73%6f%6e\/wp\/v2\/posts\/839","targetHints":{"allow":["GET"]}}],"collection":[{"href":"https:\/\/spatzenkutter.gob.ar\/%77%70%2d%6a%73%6f%6e\/wp\/v2\/posts"}],"about":[{"href":"https:\/\/spatzenkutter.gob.ar\/%77%70%2d%6a%73%6f%6e\/wp\/v2\/types\/post"}],"author":[{"embeddable":true,"href":"https:\/\/spatzenkutter.gob.ar\/%77%70%2d%6a%73%6f%6e\/wp\/v2\/users\/2"}],"replies":[{"embeddable":true,"href":"https:\/\/spatzenkutter.gob.ar\/%77%70%2d%6a%73%6f%6e\/wp\/v2\/comments?post=839"}],"version-history":[{"count":2,"href":"https:\/\/spatzenkutter.gob.ar\/%77%70%2d%6a%73%6f%6e\/wp\/v2\/posts\/839\/revisions"}],"predecessor-version":[{"id":906,"href":"https:\/\/spatzenkutter.gob.ar\/%77%70%2d%6a%73%6f%6e\/wp\/v2\/posts\/839\/revisions\/906"}],"wp:featuredmedia":[{"embeddable":true,"href":"https:\/\/spatzenkutter.gob.ar\/%77%70%2d%6a%73%6f%6e\/wp\/v2\/media\/905"}],"wp:attachment":[{"href":"https:\/\/spatzenkutter.gob.ar\/%77%70%2d%6a%73%6f%6e\/wp\/v2\/media?parent=839"}],"wp:term":[{"taxonomy":"category","embeddable":true,"href":"https:\/\/spatzenkutter.gob.ar\/%77%70%2d%6a%73%6f%6e\/wp\/v2\/categories?post=839"},{"taxonomy":"post_tag","embeddable":true,"href":"https:\/\/spatzenkutter.gob.ar\/%77%70%2d%6a%73%6f%6e\/wp\/v2\/tags?post=839"}],"curies":[{"name":"wp","href":"https:\/\/api.w.org\/{rel}","templated":true}]}}